{"id":4809,"date":"2011-05-01T00:09:05","date_gmt":"2011-04-30T22:09:05","guid":{"rendered":"https:\/\/www.forum-soegel.de\/information\/?p=4809"},"modified":"2011-04-29T19:11:02","modified_gmt":"2011-04-29T17:11:02","slug":"720-personen-unterwegs-beim-solidaritatsmarsch","status":"publish","type":"post","link":"https:\/\/www.forum-soegel.de\/information\/2011\/05\/720-personen-unterwegs-beim-solidaritatsmarsch\/","title":{"rendered":"720 Personen unterwegs beim Solidarit\u00e4tsmarsch"},"content":{"rendered":"<p>Bei sonnigem Fr\u00fchlingswetter waren am vergangenen Sonntag mehr als 720 Kinder, Jugendliche und Erwachsene in den Pfarrgemeinden St. Jakobus S\u00f6gel, St. Johannes der T\u00e4ufer Spahnharrenst\u00e4tte, St. Franziskus Werpeloh, St. Michael Stavern, St. Bonifatius H\u00fcven\/Eisten und Herz-Jesu-Gemeinde Ber\u00dfen f\u00fcr einen guten Zweck unterwegs.<\/p>\n<p>Die Teilnehmer legten zu Fu\u00df, auf dem Fahrrad oder auf Inline-Skates selbst gew\u00e4hlte Routen von 4 bis 44 Kilometern zur\u00fcck. Sie wurden von Verwandten und Freunden f\u00fcr jeden zur\u00fcckgelegten Kilometer gesponsert, welcher an den Stationen mit einem Stempel best\u00e4tigt wurde. Durch den Einsatz der Pfarrgemeinder\u00e4te konnten sich die Aktiven mit selbstgebackenen Broten und anderen Mahlzeiten direkt an den Stationen vor Ort st\u00e4rken.<\/p>\n<p>Das diesj\u00e4hrige Motto lautet: Menschenw\u00fcrdig leben. \u00dcberall! Die bei dieser Aktion gesponserten Gelder gehen in diesem Jahr nach Peru. Das Leben in den 54 Armensiedlungen rund um Lima ist durch extreme Umweltbelastung (M\u00fcllhalden, illegale Ziegeleien etc.) in Gefahr, viele Kinder leiden unter Ausschl\u00e4gen, Asthma und erh\u00f6hten Bleiwerten im Blut. Mit den Geldern des Solidarit\u00e4tsmarsches werden die Kinder mit gesunden Essen und medizinischen Behandlungen gegen die erh\u00f6hten Bleiwerte versorgt.<\/p>\n<p>Falls Sie in diesem Jahr den Solidarit\u00e4tsmarsch verpasst haben, k\u00f6nnen Sie auch gerne online spenden unter www.Misereor.de\/Aktionen, hier finden Sie auch weitere Informationen zu dieser und anderen Aktionen.<\/p>\n<p>Der allj\u00e4hrliche Solidarit\u00e4tsmarsch findet im Pfarrverbund zum 15. Mal statt und war von den Pfarrgemeinder\u00e4ten wieder sehr gut vorbereitet und durchgef\u00fchrt worden. Das Foto zeigt einige Teilnehmer zusammen mit Pfarrer Horstmann und Frau Klinkenberg von Misereor beim Start in Spahnharrenst\u00e4tte.<\/p>\n<p>Text\/Foto: Waltraut Meyer \/Vereine-Spahnharrenst\u00e4tte<\/p>\n<p><a href=\"https:\/\/www.forum-soegel.de\/information\/wp-content\/uploads\/2011\/04\/Solidarit\u00e4tsmarsch-s\u00f6gel-1.jpg\"><img loading=\"lazy\" decoding=\"async\" class=\"alignnone size-medium wp-image-4810\" title=\"Solidarit\u00e4tsmarsch s\u00f6gel-1\" src=\"https:\/\/www.forum-soegel.de\/information\/wp-content\/uploads\/2011\/04\/Solidarit\u00e4tsmarsch-s\u00f6gel-1-300x225.jpg\" alt=\"\" width=\"300\" height=\"225\" srcset=\"https:\/\/www.forum-soegel.de\/information\/wp-content\/uploads\/2011\/04\/Solidarit\u00e4tsmarsch-s\u00f6gel-1-300x225.jpg 300w, https:\/\/www.forum-soegel.de\/information\/wp-content\/uploads\/2011\/04\/Solidarit\u00e4tsmarsch-s\u00f6gel-1.jpg 1024w\" sizes=\"auto, (max-width: 300px) 100vw, 300px\" \/><\/a><\/p>\n","protected":false},"excerpt":{"rendered":"Bei sonnigem Fr\u00fchlingswetter waren am vergangenen Sonntag mehr als 720 Kinder, Jugendliche und Erwachsene in den Pfarrgemeinden St. Jakobus S\u00f6gel, St. Johannes der T\u00e4ufer Spahnharrenst\u00e4tte, St. Franziskus Werpeloh, St. Michael Stavern, St. Bonifatius H\u00fcven\/Eisten und Herz-Jesu-Gemeinde Ber\u00dfen f\u00fcr einen guten Zweck unterwegs. Die Teilnehmer legten zu Fu\u00df, auf dem Fahrrad oder auf Inline-Skates selbst gew\u00e4hlte [&hellip;]\n","protected":false},"author":2,"featured_media":0,"comment_status":"closed","ping_status":"closed","sticky":false,"template":"","format":"standard","meta":{"ngg_post_thumbnail":0,"footnotes":""},"categories":[3],"tags":[654],"class_list":["post-4809","post","type-post","status-publish","format-standard","hentry","category-aktuelles-aus-der-region","tag-solidaritatsmarsch"],"_links":{"self":[{"href":"https:\/\/www.forum-soegel.de\/information\/wp-json\/wp\/v2\/posts\/4809","targetHints":{"allow":["GET"]}}],"collection":[{"href":"https:\/\/www.forum-soegel.de\/information\/wp-json\/wp\/v2\/posts"}],"about":[{"href":"https:\/\/www.forum-soegel.de\/information\/wp-json\/wp\/v2\/types\/post"}],"author":[{"embeddable":true,"href":"https:\/\/www.forum-soegel.de\/information\/wp-json\/wp\/v2\/users\/2"}],"replies":[{"embeddable":true,"href":"https:\/\/www.forum-soegel.de\/information\/wp-json\/wp\/v2\/comments?post=4809"}],"version-history":[{"count":4,"href":"https:\/\/www.forum-soegel.de\/information\/wp-json\/wp\/v2\/posts\/4809\/revisions"}],"predecessor-version":[{"id":4814,"href":"https:\/\/www.forum-soegel.de\/information\/wp-json\/wp\/v2\/posts\/4809\/revisions\/4814"}],"wp:attachment":[{"href":"https:\/\/www.forum-soegel.de\/information\/wp-json\/wp\/v2\/media?parent=4809"}],"wp:term":[{"taxonomy":"category","embeddable":true,"href":"https:\/\/www.forum-soegel.de\/information\/wp-json\/wp\/v2\/categories?post=4809"},{"taxonomy":"post_tag","embeddable":true,"href":"https:\/\/www.forum-soegel.de\/information\/wp-json\/wp\/v2\/tags?post=4809"}],"curies":[{"name":"wp","href":"https:\/\/api.w.org\/{rel}","templated":true}]}}