{"id":479,"date":"2010-01-01T13:06:54","date_gmt":"2010-01-01T11:06:54","guid":{"rendered":"https:\/\/www.forum-soegel.de\/information\/?p=479"},"modified":"2010-02-21T13:07:54","modified_gmt":"2010-02-21T11:07:54","slug":"weiteres-neubauprojekt-im-sogeler-ortszentrum","status":"publish","type":"post","link":"https:\/\/www.forum-soegel.de\/information\/2010\/01\/weiteres-neubauprojekt-im-sogeler-ortszentrum\/","title":{"rendered":"Weiteres Neubauprojekt im S\u00f6geler Ortszentrum"},"content":{"rendered":"<p>Der Umbau des S\u00f6geler Ortskerns schreitet weiter voran. Das n\u00e4chste gr\u00f6\u00dfere Projekt ist mit dem Umbau des Gesch\u00e4ftszentrums Knippers Kohlenhof in Angriff genommen worden. Abgerissen werden in diesem Zusammenhang der bisherige Schuhmarkt und ein Wohnhaus an der Stra\u00dfe \u201eAm Markt\u201c sowie der Getr\u00e4nkemarkt und das Reiseb\u00fcro auf dem Kohlenhof. An gleicher Stelle entsteht ein neues mehrgeschossiges Gesch\u00e4ftshaus, das im Erdgeschoss k\u00fcnftig auf 600 Quadratmeter Verkaufsfl\u00e4che die bundesweit agierende Drogeriemarktkette Rossmann beherbergt. Durch den Abriss des Schuhmarktes und des Wohnhauses wird die Zufahrtssituation auf Knippers Kohlenhof deutlich aufgeweitet.<\/p>\n","protected":false},"excerpt":{"rendered":"Der Umbau des S\u00f6geler Ortskerns schreitet weiter voran. Das n\u00e4chste gr\u00f6\u00dfere Projekt ist mit dem Umbau des Gesch\u00e4ftszentrums Knippers Kohlenhof in Angriff genommen worden. Abgerissen werden in diesem Zusammenhang der bisherige Schuhmarkt und ein Wohnhaus an der Stra\u00dfe \u201eAm Markt\u201c sowie der Getr\u00e4nkemarkt und das Reiseb\u00fcro auf dem Kohlenhof. An gleicher Stelle entsteht ein neues [&hellip;]\n","protected":false},"author":2,"featured_media":0,"comment_status":"closed","ping_status":"closed","sticky":false,"template":"","format":"standard","meta":{"ngg_post_thumbnail":0,"footnotes":""},"categories":[10],"tags":[],"class_list":["post-479","post","type-post","status-publish","format-standard","hentry","category-rat-und-verwaltung-informieren"],"_links":{"self":[{"href":"https:\/\/www.forum-soegel.de\/information\/wp-json\/wp\/v2\/posts\/479","targetHints":{"allow":["GET"]}}],"collection":[{"href":"https:\/\/www.forum-soegel.de\/information\/wp-json\/wp\/v2\/posts"}],"about":[{"href":"https:\/\/www.forum-soegel.de\/information\/wp-json\/wp\/v2\/types\/post"}],"author":[{"embeddable":true,"href":"https:\/\/www.forum-soegel.de\/information\/wp-json\/wp\/v2\/users\/2"}],"replies":[{"embeddable":true,"href":"https:\/\/www.forum-soegel.de\/information\/wp-json\/wp\/v2\/comments?post=479"}],"version-history":[{"count":1,"href":"https:\/\/www.forum-soegel.de\/information\/wp-json\/wp\/v2\/posts\/479\/revisions"}],"predecessor-version":[{"id":480,"href":"https:\/\/www.forum-soegel.de\/information\/wp-json\/wp\/v2\/posts\/479\/revisions\/480"}],"wp:attachment":[{"href":"https:\/\/www.forum-soegel.de\/information\/wp-json\/wp\/v2\/media?parent=479"}],"wp:term":[{"taxonomy":"category","embeddable":true,"href":"https:\/\/www.forum-soegel.de\/information\/wp-json\/wp\/v2\/categories?post=479"},{"taxonomy":"post_tag","embeddable":true,"href":"https:\/\/www.forum-soegel.de\/information\/wp-json\/wp\/v2\/tags?post=479"}],"curies":[{"name":"wp","href":"https:\/\/api.w.org\/{rel}","templated":true}]}}