{"id":477,"date":"2010-01-01T13:03:10","date_gmt":"2010-01-01T11:03:10","guid":{"rendered":"https:\/\/www.forum-soegel.de\/information\/?p=477"},"modified":"2010-02-21T13:06:47","modified_gmt":"2010-02-21T11:06:47","slug":"stadtebauliche-sanierungsmasnahme-%e2%80%9eortskern-sogel","status":"publish","type":"post","link":"https:\/\/www.forum-soegel.de\/information\/2010\/01\/stadtebauliche-sanierungsmasnahme-%e2%80%9eortskern-sogel\/","title":{"rendered":"St\u00e4dtebauliche Sanierungsma\u00dfnahme \u201eOrtskern S\u00f6gel&#8220;"},"content":{"rendered":"<p>Der Rat der Gemeinde S\u00f6gel hat die f\u00f6rmliche Festlegung des Sanierungsgebietes \u201eOrtskern S\u00f6gel\u201c als Sanierungssatzung einstimmig beschlossen. Damit ist der Weg frei f\u00fcr Eigent\u00fcmer von Immobilien im Ortskern, Sanierungsma\u00dfnahmen steuerlich gesondert abzuschreiben. Die Satzung kann im Rathaus eingesehen werden.<\/p>\n","protected":false},"excerpt":{"rendered":"Der Rat der Gemeinde S\u00f6gel hat die f\u00f6rmliche Festlegung des Sanierungsgebietes \u201eOrtskern S\u00f6gel\u201c als Sanierungssatzung einstimmig beschlossen. Damit ist der Weg frei f\u00fcr Eigent\u00fcmer von Immobilien im Ortskern, Sanierungsma\u00dfnahmen steuerlich gesondert abzuschreiben. Die Satzung kann im Rathaus eingesehen werden.\n","protected":false},"author":2,"featured_media":0,"comment_status":"closed","ping_status":"closed","sticky":false,"template":"","format":"standard","meta":{"ngg_post_thumbnail":0,"footnotes":""},"categories":[10],"tags":[],"class_list":["post-477","post","type-post","status-publish","format-standard","hentry","category-rat-und-verwaltung-informieren"],"_links":{"self":[{"href":"https:\/\/www.forum-soegel.de\/information\/wp-json\/wp\/v2\/posts\/477","targetHints":{"allow":["GET"]}}],"collection":[{"href":"https:\/\/www.forum-soegel.de\/information\/wp-json\/wp\/v2\/posts"}],"about":[{"href":"https:\/\/www.forum-soegel.de\/information\/wp-json\/wp\/v2\/types\/post"}],"author":[{"embeddable":true,"href":"https:\/\/www.forum-soegel.de\/information\/wp-json\/wp\/v2\/users\/2"}],"replies":[{"embeddable":true,"href":"https:\/\/www.forum-soegel.de\/information\/wp-json\/wp\/v2\/comments?post=477"}],"version-history":[{"count":1,"href":"https:\/\/www.forum-soegel.de\/information\/wp-json\/wp\/v2\/posts\/477\/revisions"}],"predecessor-version":[{"id":478,"href":"https:\/\/www.forum-soegel.de\/information\/wp-json\/wp\/v2\/posts\/477\/revisions\/478"}],"wp:attachment":[{"href":"https:\/\/www.forum-soegel.de\/information\/wp-json\/wp\/v2\/media?parent=477"}],"wp:term":[{"taxonomy":"category","embeddable":true,"href":"https:\/\/www.forum-soegel.de\/information\/wp-json\/wp\/v2\/categories?post=477"},{"taxonomy":"post_tag","embeddable":true,"href":"https:\/\/www.forum-soegel.de\/information\/wp-json\/wp\/v2\/tags?post=477"}],"curies":[{"name":"wp","href":"https:\/\/api.w.org\/{rel}","templated":true}]}}