{"id":4764,"date":"2011-04-01T00:28:31","date_gmt":"2011-03-31T22:28:31","guid":{"rendered":"https:\/\/www.forum-soegel.de\/information\/?p=4764"},"modified":"2011-03-29T20:30:45","modified_gmt":"2011-03-29T18:30:45","slug":"grun-weis-gewinnt-altherrenturnier","status":"publish","type":"post","link":"https:\/\/www.forum-soegel.de\/information\/2011\/04\/grun-weis-gewinnt-altherrenturnier\/","title":{"rendered":"Gr\u00fcn-Wei\u00df gewinnt Altherrenturnier"},"content":{"rendered":"<p>\u201eGr\u00fcn-Wei\u00df gewinnt Altherrenturnier\u201c<\/p>\n<p>Am 13. Febr. 2011 fand in der Gro\u00dfraumturnhalle in S\u00f6gel das Samtgemeinde-Altherrenfu\u00dfballturnier statt.<\/p>\n<p>Ausrichter war die Altherrenmannschaft von Gr\u00fcn-Wei\u00df Spahnharrenst\u00e4tte.<\/p>\n<p>Es wurde in zwei Gruppen gespielt:<\/p>\n<p>Folgende Ergebnisse wurden erzielt:<\/p>\n<p>Ber\u00dfen &#8211; Eisten-H\u00fcven\u00a0 2:1<\/p>\n<p>S\u00f6gel &#8211; Stavern 6:2<\/p>\n<p>B\u00f6rger &#8211; Spahnharrenst\u00e4tte\u00a0\u00a0\u00a0\u00a0\u00a0\u00a0 0:1<\/p>\n<p>Ber\u00dfen &#8211; S\u00f6gel 0:9<\/p>\n<p>B\u00f6rger &#8211; Werpeloh\u00a0\u00a0\u00a0\u00a0\u00a0\u00a0\u00a0 1:2<\/p>\n<p>Eisten-H\u00fcven &#8211; Stavern\u00a0 1:6<\/p>\n<p>Spahnharrenst\u00e4tte &#8211; Werpeloh\u00a0\u00a0 4:1<\/p>\n<p>Damit spielte um Platz 3 Eisten-H\u00fcven gegen Werpeloh. Das Ergebnis lautete 1:0 f\u00fcr Eisten-H\u00fcven.<\/p>\n<p>Um den Pokalsieg spielten danach Gr\u00fcn-Wei\u00df Spahnharrenst\u00e4tte gegen Sigiltra S\u00f6gel. Dabei konnten die Gr\u00fcn-Wei\u00dfen\u00a0 in einem sehr interessanten Endspiel die Mannschaft aus S\u00f6gel mit 5 : 3 bezwingen.<\/p>\n<p>B\u00fcrgermeister Kurlemann aus Gro\u00df Ber\u00dfen \u00fcbernahm im Anschluss an das Endspiel die Pokal\u00fcbergabe.<\/p>\n<p>Text\/Foto: wr\/Vereine-Spahnharrenst\u00e4tte<\/p>\n<p><a href=\"https:\/\/www.forum-soegel.de\/information\/wp-content\/uploads\/2011\/03\/Gr\u00fcn-wei\u00df-gewinnt1.jpg\"><img loading=\"lazy\" decoding=\"async\" class=\"alignnone size-thumbnail wp-image-4765\" title=\"Gr\u00fcn wei\u00df gewinnt1\" src=\"https:\/\/www.forum-soegel.de\/information\/wp-content\/uploads\/2011\/03\/Gr\u00fcn-wei\u00df-gewinnt1-150x150.jpg\" alt=\"\" width=\"150\" height=\"150\" \/><\/a>\u00a0 <a href=\"https:\/\/www.forum-soegel.de\/information\/wp-content\/uploads\/2011\/03\/aht1-1.jpg\"><img loading=\"lazy\" decoding=\"async\" class=\"alignnone size-thumbnail wp-image-4766\" title=\"aht1-1\" src=\"https:\/\/www.forum-soegel.de\/information\/wp-content\/uploads\/2011\/03\/aht1-1-150x150.jpg\" alt=\"\" width=\"150\" height=\"150\" \/><\/a>\u00a0 <a href=\"https:\/\/www.forum-soegel.de\/information\/wp-content\/uploads\/2011\/03\/aht3-1.jpg\"><img loading=\"lazy\" decoding=\"async\" class=\"alignnone size-thumbnail wp-image-4767\" title=\"aht3-1\" src=\"https:\/\/www.forum-soegel.de\/information\/wp-content\/uploads\/2011\/03\/aht3-1-150x150.jpg\" alt=\"\" width=\"150\" height=\"150\" \/><\/a><\/p>\n","protected":false},"excerpt":{"rendered":"\u201eGr\u00fcn-Wei\u00df gewinnt Altherrenturnier\u201c Am 13. Febr. 2011 fand in der Gro\u00dfraumturnhalle in S\u00f6gel das Samtgemeinde-Altherrenfu\u00dfballturnier statt. Ausrichter war die Altherrenmannschaft von Gr\u00fcn-Wei\u00df Spahnharrenst\u00e4tte. Es wurde in zwei Gruppen gespielt: Folgende Ergebnisse wurden erzielt: Ber\u00dfen &#8211; Eisten-H\u00fcven\u00a0 2:1 S\u00f6gel &#8211; Stavern 6:2 B\u00f6rger &#8211; Spahnharrenst\u00e4tte\u00a0\u00a0\u00a0\u00a0\u00a0\u00a0 0:1 Ber\u00dfen &#8211; S\u00f6gel 0:9 B\u00f6rger &#8211; Werpeloh\u00a0\u00a0\u00a0\u00a0\u00a0\u00a0\u00a0 1:2 Eisten-H\u00fcven &#8211; [&hellip;]\n","protected":false},"author":2,"featured_media":0,"comment_status":"closed","ping_status":"closed","sticky":false,"template":"","format":"standard","meta":{"ngg_post_thumbnail":0,"footnotes":""},"categories":[5],"tags":[],"class_list":["post-4764","post","type-post","status-publish","format-standard","hentry","category-was-machen-die-vereine"],"_links":{"self":[{"href":"https:\/\/www.forum-soegel.de\/information\/wp-json\/wp\/v2\/posts\/4764","targetHints":{"allow":["GET"]}}],"collection":[{"href":"https:\/\/www.forum-soegel.de\/information\/wp-json\/wp\/v2\/posts"}],"about":[{"href":"https:\/\/www.forum-soegel.de\/information\/wp-json\/wp\/v2\/types\/post"}],"author":[{"embeddable":true,"href":"https:\/\/www.forum-soegel.de\/information\/wp-json\/wp\/v2\/users\/2"}],"replies":[{"embeddable":true,"href":"https:\/\/www.forum-soegel.de\/information\/wp-json\/wp\/v2\/comments?post=4764"}],"version-history":[{"count":1,"href":"https:\/\/www.forum-soegel.de\/information\/wp-json\/wp\/v2\/posts\/4764\/revisions"}],"predecessor-version":[{"id":4768,"href":"https:\/\/www.forum-soegel.de\/information\/wp-json\/wp\/v2\/posts\/4764\/revisions\/4768"}],"wp:attachment":[{"href":"https:\/\/www.forum-soegel.de\/information\/wp-json\/wp\/v2\/media?parent=4764"}],"wp:term":[{"taxonomy":"category","embeddable":true,"href":"https:\/\/www.forum-soegel.de\/information\/wp-json\/wp\/v2\/categories?post=4764"},{"taxonomy":"post_tag","embeddable":true,"href":"https:\/\/www.forum-soegel.de\/information\/wp-json\/wp\/v2\/tags?post=4764"}],"curies":[{"name":"wp","href":"https:\/\/api.w.org\/{rel}","templated":true}]}}