{"id":4762,"date":"2011-04-01T00:23:14","date_gmt":"2011-03-31T22:23:14","guid":{"rendered":"https:\/\/www.forum-soegel.de\/information\/?p=4762"},"modified":"2011-03-30T18:19:41","modified_gmt":"2011-03-30T16:19:41","slug":"jubilaumsjahr-der-sks-ein-voller-erfolg","status":"publish","type":"post","link":"https:\/\/www.forum-soegel.de\/information\/2011\/04\/jubilaumsjahr-der-sks-ein-voller-erfolg\/","title":{"rendered":"Jubil\u00e4umsjahr der SKS ein voller Erfolg"},"content":{"rendered":"<p>Rundum zufrieden zeigte sich der Vorsitzende Bernd Deters der Sch\u00fctzenkapelle Spahnharrenst\u00e4tte mit dem Verlauf der vielf\u00e4ltigen Aktivit\u00e4ten des letzten Jahres anl\u00e4sslich des 25-j\u00e4hrigen Jubil\u00e4ums.<\/p>\n<p>Die diesj\u00e4hrige Generalversammlung am 5. M\u00e4rz im Spahnharrenst\u00e4tter \u201eL\u00fcns Hus\u201c nutzte er, um noch einmal die unterschiedlichen Veranstaltungen ins Ged\u00e4chtnis zu rufen.<\/p>\n<p>Begonnen hatte das Jubil\u00e4umsjahr mit einem Konzert vor ausverkauftem Haus, bei dem eine Auswahl der sch\u00f6nsten St\u00fccke der letzten 25 Jahre geboten wurde. Die Dirigenten Helmut Benten und Marina Kessens hatten aber eignes auch neue, sehr anspruchsvolle Werke ausgew\u00e4hlt und einge\u00fcbt, die sehr gut beim Publikum ankamen.<\/p>\n<p>Ein weiterer H\u00f6hepunkt des Festjahres folgte im Sommer mit der Feldmesse, die Pfarrer Bernd Horstmann zusammen mit der Sch\u00fctzenkapelle und der gesamten Gemeinde bei bestem Sommerwetter im Freien feierte. Unterst\u00fctzt wurden die Bl\u00e4ser bei dem feierlichen Gottesdienst vom Spahnharrenst\u00e4tter Kirchenchor. Im Anschluss an den Gottesdienst gab es ein gro\u00dfes Familienfest mit \u201eSpiel und Spa\u00df f\u00fcr Jung und Alt\u201c.<\/p>\n<p>Anerkennende Reden und viele Dankesworte aus Kirche, Politik und Verwaltung und von Vertretern der ehrenamtlichen Ebene gab es beim Festkommers im Herbst, bei dem auch viele verdiente Mitglieder des Blasorchesters geehrte werden konnten. Besonders erw\u00e4hnt wurden die sieben Gr\u00fcndungsmitglieder, die noch heute aktiv in der Sch\u00fctzenkapelle musizieren.<\/p>\n<p>Gekr\u00f6nt wurde das Jubil\u00e4umsjahr mit dem Musikerball, der zu einem hervorragenden Fest wurde, von dem die Mitfeiernden sicherlich noch lange erz\u00e4hlen werden.<\/p>\n<p>Ein besonderes Highlight wurde der Generalversammlung mit einer Fotoshow geboten, in der Markus Freese alle H\u00f6hepunkte des Jubil\u00e4umsjahres festgehalten hatte.<\/p>\n<p>Im weiteren Verlauf bedankte sich Dirigent Helmut Benten bei den Musikern f\u00fcr ihre geleisteten Dienste. Auch er fand nur anerkennende Worte f\u00fcr die Jubil\u00e4umsveranstaltungen. Um das hohe Niveau zu erhalten k\u00fcndigte er f\u00fcr das kommende Jahr<\/p>\n<p><a href=\"https:\/\/www.forum-soegel.de\/information\/wp-content\/uploads\/2011\/04\/SKS-GV.jpg\"><img loading=\"lazy\" decoding=\"async\" class=\"alignnone size-medium wp-image-4801\" title=\"SKS GV\" src=\"https:\/\/www.forum-soegel.de\/information\/wp-content\/uploads\/2011\/04\/SKS-GV-300x208.jpg\" alt=\"\" width=\"300\" height=\"208\" srcset=\"https:\/\/www.forum-soegel.de\/information\/wp-content\/uploads\/2011\/04\/SKS-GV-300x208.jpg 300w, https:\/\/www.forum-soegel.de\/information\/wp-content\/uploads\/2011\/04\/SKS-GV.jpg 663w\" sizes=\"auto, (max-width: 300px) 100vw, 300px\" \/><\/a><\/p>\n<p>Text: Burghard Becker\/Vereine-Spahnharrenst\u00e4tte<\/p>\n","protected":false},"excerpt":{"rendered":"Rundum zufrieden zeigte sich der Vorsitzende Bernd Deters der Sch\u00fctzenkapelle Spahnharrenst\u00e4tte mit dem Verlauf der vielf\u00e4ltigen Aktivit\u00e4ten des letzten Jahres anl\u00e4sslich des 25-j\u00e4hrigen Jubil\u00e4ums. Die diesj\u00e4hrige Generalversammlung am 5. M\u00e4rz im Spahnharrenst\u00e4tter \u201eL\u00fcns Hus\u201c nutzte er, um noch einmal die unterschiedlichen Veranstaltungen ins Ged\u00e4chtnis zu rufen. Begonnen hatte das Jubil\u00e4umsjahr mit einem Konzert vor ausverkauftem [&hellip;]\n","protected":false},"author":2,"featured_media":0,"comment_status":"closed","ping_status":"closed","sticky":false,"template":"","format":"standard","meta":{"ngg_post_thumbnail":0,"footnotes":""},"categories":[5],"tags":[651],"class_list":["post-4762","post","type-post","status-publish","format-standard","hentry","category-was-machen-die-vereine","tag-schutzenkapelle"],"_links":{"self":[{"href":"https:\/\/www.forum-soegel.de\/information\/wp-json\/wp\/v2\/posts\/4762","targetHints":{"allow":["GET"]}}],"collection":[{"href":"https:\/\/www.forum-soegel.de\/information\/wp-json\/wp\/v2\/posts"}],"about":[{"href":"https:\/\/www.forum-soegel.de\/information\/wp-json\/wp\/v2\/types\/post"}],"author":[{"embeddable":true,"href":"https:\/\/www.forum-soegel.de\/information\/wp-json\/wp\/v2\/users\/2"}],"replies":[{"embeddable":true,"href":"https:\/\/www.forum-soegel.de\/information\/wp-json\/wp\/v2\/comments?post=4762"}],"version-history":[{"count":2,"href":"https:\/\/www.forum-soegel.de\/information\/wp-json\/wp\/v2\/posts\/4762\/revisions"}],"predecessor-version":[{"id":4802,"href":"https:\/\/www.forum-soegel.de\/information\/wp-json\/wp\/v2\/posts\/4762\/revisions\/4802"}],"wp:attachment":[{"href":"https:\/\/www.forum-soegel.de\/information\/wp-json\/wp\/v2\/media?parent=4762"}],"wp:term":[{"taxonomy":"category","embeddable":true,"href":"https:\/\/www.forum-soegel.de\/information\/wp-json\/wp\/v2\/categories?post=4762"},{"taxonomy":"post_tag","embeddable":true,"href":"https:\/\/www.forum-soegel.de\/information\/wp-json\/wp\/v2\/tags?post=4762"}],"curies":[{"name":"wp","href":"https:\/\/api.w.org\/{rel}","templated":true}]}}