{"id":474,"date":"2010-01-01T12:55:07","date_gmt":"2010-01-01T10:55:07","guid":{"rendered":"https:\/\/www.forum-soegel.de\/information\/?p=474"},"modified":"2010-02-21T13:01:11","modified_gmt":"2010-02-21T11:01:11","slug":"einladung-zum-neujahrsempfang","status":"publish","type":"post","link":"https:\/\/www.forum-soegel.de\/information\/2010\/01\/einladung-zum-neujahrsempfang\/","title":{"rendered":"Einladung zum Neujahrsempfang"},"content":{"rendered":"<p>Am Sonntag, dem 3. Januar 2010, findet ab 11.00 Uhr im Heimathaus der Neujahrsempfang der Gemeinde S\u00f6gel statt. Hierzu m\u00f6chten wir alle interessierten B\u00fcrgerinnen und B\u00fcrger herzlich einladen.<\/p>\n<p>Neben einem kurzen R\u00fcckblick auf das Jahr 2009 und einem Ausblick auf\u00a0 das kommende Jahr sollen im Mittelpunkt dieses Neujahrsempfangs die Begegnung und das gemeinsame Gespr\u00e4ch stehen<\/p>\n<p>Wir w\u00fcrden uns freuen, wenn zudem viele Repr\u00e4sentanten der S\u00f6geler Vereine dieser Veranstaltung beiwohnen.<\/p>\n<p>\u00a0Wir w\u00fcnschen Ihnen und Ihren Familien ein gl\u00fcckliches und erfolgreiches Jahr 2010.<\/p>\n<p>\u00a0Mit freundlichen Gr\u00fc\u00dfen<\/p>\n<p>(gez. Heiner Wellenbrock)\u00a0\u00a0\u00a0\u00a0\u00a0\u00a0\u00a0\u00a0\u00a0\u00a0\u00a0\u00a0\u00a0\u00a0\u00a0\u00a0\u00a0\u00a0\u00a0\u00a0\u00a0\u00a0\u00a0\u00a0\u00a0\u00a0\u00a0\u00a0\u00a0\u00a0\u00a0\u00a0\u00a0\u00a0\u00a0\u00a0\u00a0\u00a0\u00a0\u00a0\u00a0\u00a0 (gez. G\u00fcnter Wigbers)<\/p>\n<p>\u00a0\u00a0\u00a0\u00a0\u00a0\u00a0\u00a0\u00a0 B\u00fcrgermeister\u00a0\u00a0\u00a0\u00a0\u00a0\u00a0\u00a0\u00a0\u00a0\u00a0\u00a0\u00a0\u00a0\u00a0\u00a0\u00a0\u00a0\u00a0\u00a0\u00a0\u00a0\u00a0\u00a0\u00a0\u00a0\u00a0\u00a0\u00a0\u00a0\u00a0\u00a0\u00a0\u00a0\u00a0\u00a0\u00a0\u00a0\u00a0\u00a0\u00a0\u00a0\u00a0\u00a0\u00a0\u00a0\u00a0\u00a0\u00a0\u00a0\u00a0\u00a0\u00a0\u00a0\u00a0\u00a0\u00a0\u00a0\u00a0\u00a0\u00a0\u00a0\u00a0Gemeindedirektor<\/p>\n","protected":false},"excerpt":{"rendered":"Am Sonntag, dem 3. Januar 2010, findet ab 11.00 Uhr im Heimathaus der Neujahrsempfang der Gemeinde S\u00f6gel statt. Hierzu m\u00f6chten wir alle interessierten B\u00fcrgerinnen und B\u00fcrger herzlich einladen. Neben einem kurzen R\u00fcckblick auf das Jahr 2009 und einem Ausblick auf\u00a0 das kommende Jahr sollen im Mittelpunkt dieses Neujahrsempfangs die Begegnung und das gemeinsame Gespr\u00e4ch stehen [&hellip;]\n","protected":false},"author":2,"featured_media":0,"comment_status":"closed","ping_status":"closed","sticky":false,"template":"","format":"standard","meta":{"ngg_post_thumbnail":0,"footnotes":""},"categories":[10],"tags":[],"class_list":["post-474","post","type-post","status-publish","format-standard","hentry","category-rat-und-verwaltung-informieren"],"_links":{"self":[{"href":"https:\/\/www.forum-soegel.de\/information\/wp-json\/wp\/v2\/posts\/474","targetHints":{"allow":["GET"]}}],"collection":[{"href":"https:\/\/www.forum-soegel.de\/information\/wp-json\/wp\/v2\/posts"}],"about":[{"href":"https:\/\/www.forum-soegel.de\/information\/wp-json\/wp\/v2\/types\/post"}],"author":[{"embeddable":true,"href":"https:\/\/www.forum-soegel.de\/information\/wp-json\/wp\/v2\/users\/2"}],"replies":[{"embeddable":true,"href":"https:\/\/www.forum-soegel.de\/information\/wp-json\/wp\/v2\/comments?post=474"}],"version-history":[{"count":2,"href":"https:\/\/www.forum-soegel.de\/information\/wp-json\/wp\/v2\/posts\/474\/revisions"}],"predecessor-version":[{"id":476,"href":"https:\/\/www.forum-soegel.de\/information\/wp-json\/wp\/v2\/posts\/474\/revisions\/476"}],"wp:attachment":[{"href":"https:\/\/www.forum-soegel.de\/information\/wp-json\/wp\/v2\/media?parent=474"}],"wp:term":[{"taxonomy":"category","embeddable":true,"href":"https:\/\/www.forum-soegel.de\/information\/wp-json\/wp\/v2\/categories?post=474"},{"taxonomy":"post_tag","embeddable":true,"href":"https:\/\/www.forum-soegel.de\/information\/wp-json\/wp\/v2\/tags?post=474"}],"curies":[{"name":"wp","href":"https:\/\/api.w.org\/{rel}","templated":true}]}}