{"id":4720,"date":"2011-04-01T00:45:32","date_gmt":"2011-03-31T22:45:32","guid":{"rendered":"https:\/\/www.forum-soegel.de\/information\/?p=4720"},"modified":"2011-03-29T19:50:06","modified_gmt":"2011-03-29T17:50:06","slug":"%e2%80%9eschuler-bauen-fur-schuler%e2%80%9c","status":"publish","type":"post","link":"https:\/\/www.forum-soegel.de\/information\/2011\/04\/%e2%80%9eschuler-bauen-fur-schuler%e2%80%9c\/","title":{"rendered":"\u201eSch\u00fcler bauen f\u00fcr Sch\u00fcler\u201c"},"content":{"rendered":"<p><strong>Schule am Schloss erneut aktiv im Rahmen der vertieften Berufsorientierung<\/strong><\/p>\n<p>Die Haupt- und Realschule S\u00f6gel \u201eSchule am Schloss\u201c hat ihre Schulh\u00f6fe an der Haupt- und Nebenstelle mit mehreren Spielger\u00e4ten sowie Sitzgelegenheiten in Holzbauweise versch\u00f6nert. Im Rahmen der Schulhofgestaltung, mit der sich eine Projektgruppe unter Leitung von J\u00fcrgen Jansen befasste, standen bei den Sch\u00fclerinnen und Sch\u00fclern der Klassen 5 \u2013 10 gerade diese Dinge auf der Wunschliste ganz oben.<\/p>\n<p>Mit finanzieller Unterst\u00fctzung der Bundesagentur f\u00fcr Arbeit und der Samtgemeinde S\u00f6gel wurde schlie\u00dflich eine Ma\u00dfnahme zur vertieften Berufsorientierung durchgef\u00fchrt, um diese W\u00fcnsche umzusetzen.<\/p>\n<p>Dabei sei ein besonderes Augenmerk darauf gelegt worden, dass die an der Ma\u00dfnahme beteiligten Sch\u00fclerinnen und Sch\u00fcler die Ger\u00e4te nicht nur aufbauen, sondern am Planungs- und Herstellungsprozess mitwirken konnten, so AWT\u2013Fachkonferenzleiter Uwe Hoormann. Freiwillig teilgenommen an dieser Ma\u00dfnahme haben Sch\u00fcler der Klassen 8-10, die sich \u00fcber einen Zeitraum von etwa drei Monaten in den Produktionshallen der Firma Holzbau-Quappen trafen, um dort mit Unterst\u00fctzung von Besch\u00e4ftigten des Unternehmens an den Spielger\u00e4ten und Sitzgelegenheiten zu arbeiten.<\/p>\n<p>In den ersten beiden Teilen der Ma\u00dfnahme besch\u00e4ftigten sich die Sch\u00fcler mit einem CAD-Programm sowie grundlegenden Kenntnissen und Fertigkeiten der Holzbearbeitung. Den H\u00f6hepunkt des Projektes bildete schlie\u00dflich die Fertigung der Ger\u00e4te. Dazu musste zun\u00e4chst das f\u00fcr die Werkst\u00fccke vorgesehene Holz von den Sch\u00fclern gesch\u00e4lt und geschliffen werden. Nach Zeichnung und Materialliste durften die Sch\u00fcler dann unter fachkundiger Anleitung der Firma Quappen Schneiden, S\u00e4gen, Bohren und Verschrauben, so dass schlie\u00dflich alle Spielger\u00e4te und Sitzgelegenheiten einmal vormontiert in den Produktionshallen standen.<\/p>\n<p>Inzwischen haben die Ger\u00e4te ihren Ort gewechselt, sie sind auf den Schulh\u00f6fen der Schule am Schloss vor einigen Tagen von der Firma Quappen und unter eifrigem Sch\u00fclereinsatz aufgestellt worden.<\/p>\n<p>Schulleiter Lothar Schulz zeigte sich begeistert vom Ergebnis der Ma\u00dfnahme und lobte das hohe Engagement der Jugendlichen, denn bereits im letzten Jahr wurde auf Initiative von AWT\u2013Fachkonferenzleiter Uwe Hoormann eine \u00e4hnliche Ma\u00dfnahme zur vertieften Berufsorientierung durchgef\u00fchrt. Damals wurden von den Sch\u00fclern zwei Schullogos aus Edelstahl gefertigt. Auch Angelika Fondalinski\u2013Lakeberg von der\u00a0 Bundesagentur f\u00fcr Arbeit, zust\u00e4ndige Berufsberaterin an der Schule am Schloss, zeigte sich beeindruckt und ist sich sicher: \u201eSolche Ma\u00dfnahmen sind ein wichtiger und unverzichtbarer Baustein im Berufswahlprozess der Sch\u00fclerinnen und Sch\u00fcler.\u201c<\/p>\n<p>Text\/Foto: Ingrid Cloppenburg<\/p>\n<div id=\"attachment_4721\" style=\"width: 310px\" class=\"wp-caption alignnone\"><a href=\"https:\/\/www.forum-soegel.de\/information\/wp-content\/uploads\/2011\/03\/Sch\u00fcler-bauen-2.jpg\"><img loading=\"lazy\" decoding=\"async\" aria-describedby=\"caption-attachment-4721\" class=\"size-medium wp-image-4721\" title=\"Sch\u00fcler bauen 2\" src=\"https:\/\/www.forum-soegel.de\/information\/wp-content\/uploads\/2011\/03\/Sch\u00fcler-bauen-2-300x199.jpg\" alt=\"\" width=\"300\" height=\"199\" srcset=\"https:\/\/www.forum-soegel.de\/information\/wp-content\/uploads\/2011\/03\/Sch\u00fcler-bauen-2-300x199.jpg 300w, https:\/\/www.forum-soegel.de\/information\/wp-content\/uploads\/2011\/03\/Sch\u00fcler-bauen-2.jpg 1024w\" sizes=\"auto, (max-width: 300px) 100vw, 300px\" \/><\/a><p id=\"caption-attachment-4721\" class=\"wp-caption-text\">In Gemeinschaftsarbeit ist ein neues Spielger\u00e4t an der Schule am Schloss entstanden. Die Vertreterin der Bundesagentur f\u00fcr Arbeit freut sich gemeinsam mit dem Schulleiter, den Fachlehrern, den Vertretern der Firma Holzbau Quappen und der Gemeinde S\u00f6gel und insbesondere den beteiligten Sch\u00fclern \u00fcber das neue Spielger\u00e4t. <\/p><\/div>\n<p><a href=\"https:\/\/www.forum-soegel.de\/information\/wp-content\/uploads\/2011\/03\/Sch\u00fcler-bauen-1-Arl1-.jpg\"><img loading=\"lazy\" decoding=\"async\" class=\"alignnone size-medium wp-image-4723\" title=\"Sch\u00fcler bauen 1 Arl1\" src=\"https:\/\/www.forum-soegel.de\/information\/wp-content\/uploads\/2011\/03\/Sch\u00fcler-bauen-1-Arl1--300x199.jpg\" alt=\"\" width=\"300\" height=\"199\" srcset=\"https:\/\/www.forum-soegel.de\/information\/wp-content\/uploads\/2011\/03\/Sch\u00fcler-bauen-1-Arl1--300x199.jpg 300w, https:\/\/www.forum-soegel.de\/information\/wp-content\/uploads\/2011\/03\/Sch\u00fcler-bauen-1-Arl1-.jpg 1024w\" sizes=\"auto, (max-width: 300px) 100vw, 300px\" \/><\/a><\/p>\n","protected":false},"excerpt":{"rendered":"Schule am Schloss erneut aktiv im Rahmen der vertieften Berufsorientierung Die Haupt- und Realschule S\u00f6gel \u201eSchule am Schloss\u201c hat ihre Schulh\u00f6fe an der Haupt- und Nebenstelle mit mehreren Spielger\u00e4ten sowie Sitzgelegenheiten in Holzbauweise versch\u00f6nert. Im Rahmen der Schulhofgestaltung, mit der sich eine Projektgruppe unter Leitung von J\u00fcrgen Jansen befasste, standen bei den Sch\u00fclerinnen und Sch\u00fclern [&hellip;]\n","protected":false},"author":2,"featured_media":0,"comment_status":"closed","ping_status":"closed","sticky":false,"template":"","format":"standard","meta":{"ngg_post_thumbnail":0,"footnotes":""},"categories":[6],"tags":[145],"class_list":["post-4720","post","type-post","status-publish","format-standard","hentry","category-aus-der-schule-geplaudert","tag-schule-am-schloss"],"_links":{"self":[{"href":"https:\/\/www.forum-soegel.de\/information\/wp-json\/wp\/v2\/posts\/4720","targetHints":{"allow":["GET"]}}],"collection":[{"href":"https:\/\/www.forum-soegel.de\/information\/wp-json\/wp\/v2\/posts"}],"about":[{"href":"https:\/\/www.forum-soegel.de\/information\/wp-json\/wp\/v2\/types\/post"}],"author":[{"embeddable":true,"href":"https:\/\/www.forum-soegel.de\/information\/wp-json\/wp\/v2\/users\/2"}],"replies":[{"embeddable":true,"href":"https:\/\/www.forum-soegel.de\/information\/wp-json\/wp\/v2\/comments?post=4720"}],"version-history":[{"count":6,"href":"https:\/\/www.forum-soegel.de\/information\/wp-json\/wp\/v2\/posts\/4720\/revisions"}],"predecessor-version":[{"id":4728,"href":"https:\/\/www.forum-soegel.de\/information\/wp-json\/wp\/v2\/posts\/4720\/revisions\/4728"}],"wp:attachment":[{"href":"https:\/\/www.forum-soegel.de\/information\/wp-json\/wp\/v2\/media?parent=4720"}],"wp:term":[{"taxonomy":"category","embeddable":true,"href":"https:\/\/www.forum-soegel.de\/information\/wp-json\/wp\/v2\/categories?post=4720"},{"taxonomy":"post_tag","embeddable":true,"href":"https:\/\/www.forum-soegel.de\/information\/wp-json\/wp\/v2\/tags?post=4720"}],"curies":[{"name":"wp","href":"https:\/\/api.w.org\/{rel}","templated":true}]}}