{"id":4717,"date":"2011-04-01T00:43:44","date_gmt":"2011-03-31T22:43:44","guid":{"rendered":"https:\/\/www.forum-soegel.de\/information\/?p=4717"},"modified":"2011-03-29T19:45:05","modified_gmt":"2011-03-29T17:45:05","slug":"werder-bremen-einmal-live","status":"publish","type":"post","link":"https:\/\/www.forum-soegel.de\/information\/2011\/04\/werder-bremen-einmal-live\/","title":{"rendered":"Werder Bremen einmal live,"},"content":{"rendered":"<p>dieses konnten Kinder des H\u00fcmmling-Gymnasiums S\u00f6gel sowie die F-Jugendspieler von H\u00fclsen-Westerloh erleben.<\/p>\n<p>Die M\u00e4dchenfu\u00dfball AG des H\u00fcmmling-Gymnasiums hatte diese Fahrt organisiert. Um 14.00 Uhr wurde die Fahrt von S\u00f6gel aus in Richtung Bremen gestartet.<\/p>\n<p>Nach der F\u00fchrung f\u00fcr Bayer 04 Leverkusen stand der Sieger bis zur 80 Minute schon fest. Doch dann \u00fcberschlugen sich die Ereignisse und aus einem 0 \u2013 2 wurde noch ein 2 \u2013 2. Ein Eigentor durch Kiesling, ein Platzverweis f\u00fcr Vidal sowie ein Kopfballtor in der Nachspielzeit durch Pr\u00f6del waren daf\u00fcr verantwortlich.<\/p>\n<p>Man konnte den Stein\u00a0 von Thomas Schaafs Schultern fallen sehen.<\/p>\n<p>Gut gelaunt wurde die Heimfahrt angetreten und bei Gelegenheit gerne wiederholt.<\/p>\n<p>Text\/Foto: Alois B\u00fcter<\/p>\n<p><a href=\"https:\/\/www.forum-soegel.de\/information\/wp-content\/uploads\/2011\/03\/werder-Bayern.jpg\"><img loading=\"lazy\" decoding=\"async\" class=\"alignnone size-medium wp-image-4718\" title=\"werder Bayern\" src=\"https:\/\/www.forum-soegel.de\/information\/wp-content\/uploads\/2011\/03\/werder-Bayern-300x200.jpg\" alt=\"\" width=\"300\" height=\"200\" srcset=\"https:\/\/www.forum-soegel.de\/information\/wp-content\/uploads\/2011\/03\/werder-Bayern-300x200.jpg 300w, https:\/\/www.forum-soegel.de\/information\/wp-content\/uploads\/2011\/03\/werder-Bayern.jpg 1024w\" sizes=\"auto, (max-width: 300px) 100vw, 300px\" \/><\/a><\/p>\n","protected":false},"excerpt":{"rendered":"dieses konnten Kinder des H\u00fcmmling-Gymnasiums S\u00f6gel sowie die F-Jugendspieler von H\u00fclsen-Westerloh erleben. Die M\u00e4dchenfu\u00dfball AG des H\u00fcmmling-Gymnasiums hatte diese Fahrt organisiert. Um 14.00 Uhr wurde die Fahrt von S\u00f6gel aus in Richtung Bremen gestartet. Nach der F\u00fchrung f\u00fcr Bayer 04 Leverkusen stand der Sieger bis zur 80 Minute schon fest. Doch dann \u00fcberschlugen sich die [&hellip;]\n","protected":false},"author":2,"featured_media":0,"comment_status":"closed","ping_status":"closed","sticky":false,"template":"","format":"standard","meta":{"ngg_post_thumbnail":0,"footnotes":""},"categories":[6],"tags":[],"class_list":["post-4717","post","type-post","status-publish","format-standard","hentry","category-aus-der-schule-geplaudert"],"_links":{"self":[{"href":"https:\/\/www.forum-soegel.de\/information\/wp-json\/wp\/v2\/posts\/4717","targetHints":{"allow":["GET"]}}],"collection":[{"href":"https:\/\/www.forum-soegel.de\/information\/wp-json\/wp\/v2\/posts"}],"about":[{"href":"https:\/\/www.forum-soegel.de\/information\/wp-json\/wp\/v2\/types\/post"}],"author":[{"embeddable":true,"href":"https:\/\/www.forum-soegel.de\/information\/wp-json\/wp\/v2\/users\/2"}],"replies":[{"embeddable":true,"href":"https:\/\/www.forum-soegel.de\/information\/wp-json\/wp\/v2\/comments?post=4717"}],"version-history":[{"count":1,"href":"https:\/\/www.forum-soegel.de\/information\/wp-json\/wp\/v2\/posts\/4717\/revisions"}],"predecessor-version":[{"id":4719,"href":"https:\/\/www.forum-soegel.de\/information\/wp-json\/wp\/v2\/posts\/4717\/revisions\/4719"}],"wp:attachment":[{"href":"https:\/\/www.forum-soegel.de\/information\/wp-json\/wp\/v2\/media?parent=4717"}],"wp:term":[{"taxonomy":"category","embeddable":true,"href":"https:\/\/www.forum-soegel.de\/information\/wp-json\/wp\/v2\/categories?post=4717"},{"taxonomy":"post_tag","embeddable":true,"href":"https:\/\/www.forum-soegel.de\/information\/wp-json\/wp\/v2\/tags?post=4717"}],"curies":[{"name":"wp","href":"https:\/\/api.w.org\/{rel}","templated":true}]}}