{"id":4714,"date":"2011-04-01T00:41:40","date_gmt":"2011-03-31T22:41:40","guid":{"rendered":"https:\/\/www.forum-soegel.de\/information\/?p=4714"},"modified":"2011-03-29T19:43:35","modified_gmt":"2011-03-29T17:43:35","slug":"schule-mehr-als-nur-ein-lernort","status":"publish","type":"post","link":"https:\/\/www.forum-soegel.de\/information\/2011\/04\/schule-mehr-als-nur-ein-lernort\/","title":{"rendered":"Schule: Mehr als nur ein Lernort"},"content":{"rendered":"<p>Caritas, Samtgemeinde S\u00f6gel und das Schulzentrum \u201eSchule am Schloss\u201c starten gemeinsame Schulsozialarbeit<\/p>\n<p>Schulen sind schon lange nicht mehr nur Orte der Wissensvermittlung: Der Umfang erzieherischer Aufgaben nimmt stetig zu. Um diesen neuen Herausforderungen gerecht zu werden, ziehen der Caritasverband f\u00fcr den Landkreis Emsland, die Samtgemeinde S\u00f6gel, das Schulzentrum \u201eSchule am Schloss\u201c und das Bistum Osnabr\u00fcck ab sofort an einem Strang und richten gemeinsam Schulsozialarbeit ein.<\/p>\n<p>Schulsozialarbeit in Kooperation von Jugendhilfe und Schule soll zus\u00e4tzlich zum regul\u00e4ren Unterricht die p\u00e4dagogische Qualit\u00e4t weiterentwickeln und den Sch\u00fclern zus\u00e4tzliche Lernchancen bieten. \u201eImmer mehr Jungen und M\u00e4dchen brauchen st\u00e4rkere p\u00e4dagogische und soziale Unterst\u00fctzung \u2013 w\u00e4hrend des Unterrichts, in den Pausen und \u00fcber die Unterrichtszeit hinaus\u201c, sagt Sandras Brinkhaus, die seit Oktober letzten Jahres als Sozialp\u00e4dagogin des Caritasverbandes f\u00fcr den Landkreis Emsland am Schulzentrum \u201eSchule am Schloss\u201c in S\u00f6gel t\u00e4tig ist. \u201eSie brauchen eine Person, die neben dem Elternhaus als Vertrauens- und Bezugsperson immer da ist und den schulischen Lebenslauf mit all den Problemen, Krisen und Konflikten begleitet.\u201c<\/p>\n<p>Sandras Brinkhaus wird in den n\u00e4chsten drei Jahren Sch\u00fcler, Eltern und Lehrer individuell unterst\u00fctzen. Dar\u00fcber hinaus wird sie die aktive Freizeitgestaltung und das soziale Lernen der Sch\u00fcler f\u00f6rdern. Angestrebt ist weiterhin die enge Kooperation mit der Jugendarbeit der Katholischen Kirchengemeinde St. Jakobus in S\u00f6gel, dem neuen kommunalen Jugendzentrum und weiteren Netzwerkpartnern in S\u00f6gel.<\/p>\n<p>Schuldirektor Lothar Schulz lobt das gemeinsame Projekt:\u00a0 \u201eWir freuen uns, gemeinsam mit dem Caritasverband unser p\u00e4dagogisches Angebot im Sinne der Sch\u00fclerinnen und Sch\u00fcler weiterentwickeln zu k\u00f6nnen.\u201c<\/p>\n<p>Marcus Drees, Gesch\u00e4ftsf\u00fchrer des Caritasverbandes, erg\u00e4nzt: \u201e Das Besondere an diesem gemeinsamen Projekt ist, dass das tolle Netzwerk der Kirchengemeinde, der Vereine, Verb\u00e4nde und Institutionen in S\u00f6gel in die p\u00e4dagogische Arbeit der Schule eingebunden wird.\u201c<\/p>\n<p>Als ein Netzwerk auf engstem Raum gab Pfarrer Bernhard Horstmann (St. Jakobus S\u00f6gel) dem Projekt eine gute Zukunftschance. \u201eWo sonst findet man innerhalb eines so kleinen r\u00e4umlichen Zirkels eine Kirche, eine Jugendbildungsst\u00e4tte, ein Jugendzentrum, ein Jugendheim, eine Sportschule und das Schulzentrum?\u201c Mit der Einstellung von Brinkhaus sehe er die M\u00f6glichkeit, die Systeme noch besser miteinander zu verhaken und ein Lernfeld f\u00fcr alle Beteiligten zu schaffen.<\/p>\n<p>Samtgemeindeb\u00fcrgermeister G\u00fcnter Wigbers bedankte sich bei den Kooperationspartnern und freute sich, dass dieses Projekt in S\u00f6gel angesiedelt werden konnte. \u201eWir halten uns aus der p\u00e4dagogischen Arbeit an der Schule raus, schaffen aber nach besten Kr\u00e4ften die notwendige Infrastruktur f\u00fcr unsere Sch\u00fcler, damit die Rahmenbedingungen f\u00fcr das Lernen optimal gegeben sind.\u201c Die gemeinsame Schulsozialarbeit k\u00f6nne so auf eine solide Basis gestellt werden.<\/p>\n<p>Text\/Foto: Gemeinde S\u00f6gel, Ingrid Cloppenburg<\/p>\n<div id=\"attachment_4715\" style=\"width: 310px\" class=\"wp-caption alignnone\"><a href=\"https:\/\/www.forum-soegel.de\/information\/wp-content\/uploads\/2011\/03\/Schule-am-Schloss-Schulsozialarbeit.jpg\"><img loading=\"lazy\" decoding=\"async\" aria-describedby=\"caption-attachment-4715\" class=\"size-medium wp-image-4715\" title=\"Schule am Schloss Schulsozialarbeit\" src=\"https:\/\/www.forum-soegel.de\/information\/wp-content\/uploads\/2011\/03\/Schule-am-Schloss-Schulsozialarbeit-300x225.jpg\" alt=\"\" width=\"300\" height=\"225\" srcset=\"https:\/\/www.forum-soegel.de\/information\/wp-content\/uploads\/2011\/03\/Schule-am-Schloss-Schulsozialarbeit-300x225.jpg 300w, https:\/\/www.forum-soegel.de\/information\/wp-content\/uploads\/2011\/03\/Schule-am-Schloss-Schulsozialarbeit.jpg 1024w\" sizes=\"auto, (max-width: 300px) 100vw, 300px\" \/><\/a><p id=\"caption-attachment-4715\" class=\"wp-caption-text\">Foto v.l. G\u00fcnter Wigbers (Samtgemeindeb\u00fcrgermeister), Lothar Schulz (Schulleiter), Sandra Brinkhaus (Sozialp\u00e4dagogin), Marcus Drees (Caritas Emsland), Maria Lau (stellv. Schulleiterin), Maria Keiser-Scheer (Fachreferentin f\u00fcr Jugendhilfe, Caritas), Pfarrer Bernhard Wigbers<\/p><\/div>\n","protected":false},"excerpt":{"rendered":"Caritas, Samtgemeinde S\u00f6gel und das Schulzentrum \u201eSchule am Schloss\u201c starten gemeinsame Schulsozialarbeit Schulen sind schon lange nicht mehr nur Orte der Wissensvermittlung: Der Umfang erzieherischer Aufgaben nimmt stetig zu. Um diesen neuen Herausforderungen gerecht zu werden, ziehen der Caritasverband f\u00fcr den Landkreis Emsland, die Samtgemeinde S\u00f6gel, das Schulzentrum \u201eSchule am Schloss\u201c und das Bistum Osnabr\u00fcck [&hellip;]\n","protected":false},"author":2,"featured_media":0,"comment_status":"closed","ping_status":"closed","sticky":false,"template":"","format":"standard","meta":{"ngg_post_thumbnail":0,"footnotes":""},"categories":[6],"tags":[145],"class_list":["post-4714","post","type-post","status-publish","format-standard","hentry","category-aus-der-schule-geplaudert","tag-schule-am-schloss"],"_links":{"self":[{"href":"https:\/\/www.forum-soegel.de\/information\/wp-json\/wp\/v2\/posts\/4714","targetHints":{"allow":["GET"]}}],"collection":[{"href":"https:\/\/www.forum-soegel.de\/information\/wp-json\/wp\/v2\/posts"}],"about":[{"href":"https:\/\/www.forum-soegel.de\/information\/wp-json\/wp\/v2\/types\/post"}],"author":[{"embeddable":true,"href":"https:\/\/www.forum-soegel.de\/information\/wp-json\/wp\/v2\/users\/2"}],"replies":[{"embeddable":true,"href":"https:\/\/www.forum-soegel.de\/information\/wp-json\/wp\/v2\/comments?post=4714"}],"version-history":[{"count":1,"href":"https:\/\/www.forum-soegel.de\/information\/wp-json\/wp\/v2\/posts\/4714\/revisions"}],"predecessor-version":[{"id":4716,"href":"https:\/\/www.forum-soegel.de\/information\/wp-json\/wp\/v2\/posts\/4714\/revisions\/4716"}],"wp:attachment":[{"href":"https:\/\/www.forum-soegel.de\/information\/wp-json\/wp\/v2\/media?parent=4714"}],"wp:term":[{"taxonomy":"category","embeddable":true,"href":"https:\/\/www.forum-soegel.de\/information\/wp-json\/wp\/v2\/categories?post=4714"},{"taxonomy":"post_tag","embeddable":true,"href":"https:\/\/www.forum-soegel.de\/information\/wp-json\/wp\/v2\/tags?post=4714"}],"curies":[{"name":"wp","href":"https:\/\/api.w.org\/{rel}","templated":true}]}}