{"id":4706,"date":"2011-04-01T00:36:34","date_gmt":"2011-03-31T22:36:34","guid":{"rendered":"https:\/\/www.forum-soegel.de\/information\/?p=4706"},"modified":"2011-03-30T18:09:34","modified_gmt":"2011-03-30T16:09:34","slug":"schulentscheidung-beim-plattdeutschen-vorlesewettbewerb","status":"publish","type":"post","link":"https:\/\/www.forum-soegel.de\/information\/2011\/04\/schulentscheidung-beim-plattdeutschen-vorlesewettbewerb\/","title":{"rendered":"Schulentscheidung beim Plattdeutschen Vorlesewettbewerb"},"content":{"rendered":"<p><strong>der Grundschule Gro\u00df Ber\u00dfen\/H\u00fcven<\/strong><\/p>\n<div id=\"attachment_4798\" style=\"width: 160px\" class=\"wp-caption alignleft\"><a href=\"https:\/\/www.forum-soegel.de\/information\/wp-content\/uploads\/2011\/04\/Grundschule-H\u00fcven-Klein-Ber\u00dfen.jpg\"><img loading=\"lazy\" decoding=\"async\" aria-describedby=\"caption-attachment-4798\" class=\"size-thumbnail wp-image-4798\" title=\"Grundschule H\u00fcven Klein Ber\u00dfen\" src=\"https:\/\/www.forum-soegel.de\/information\/wp-content\/uploads\/2011\/04\/Grundschule-H\u00fcven-Klein-Ber\u00dfen-150x150.jpg\" alt=\"\" width=\"150\" height=\"150\" \/><\/a><p id=\"caption-attachment-4798\" class=\"wp-caption-text\">Zu sehen sind die teilnehmenden Kinder aus den Klassen 3 und 4 mit der Jury<\/p><\/div>\n<p>Im zweij\u00e4hrigen Rhythmus findet der von den Sparkassen organisierte plattdeutsche Vorlesewettbewerb \u201eSch\u00fcler lesen platt\u201c statt. Nach Aussage der Organisatoren des Sparkassenteams pr\u00e4gt \u201edie plattdeutsche Sprache als Teil unserer Umwelt auch heute noch soziale und kulturelle Strukturen im hiesigen Raum. Kenntnisse der plattdeutschen Sprache erweitern die M\u00f6glichkeiten der Kommunikation und verbessern das Verst\u00e4ndnis f\u00fcr historische Gegebenheiten\u201c. Die Teilnahme an dem Vorlesewettbewerb wird den Sch\u00fclerinnen und Sch\u00fclern freigestellt. Das Projekt \u201ePlattdeutsches Lesen und Sprechen\u201c geh\u00f6rt jedoch zu den festen Handlungsfeldern des Schulprogramms der Grundschule Gro\u00df Ber\u00dfen\/H\u00fcven.<\/p>\n<p>Teilnehmen k\u00f6nnen die Sch\u00fclerinnen und Sch\u00fcler aus den Klassen 3 und 4. Die Motivation war diesj\u00e4hrig sehr gro\u00df, so dass etwa 80% der Sch\u00fclerinnen und Sch\u00fcler der beiden Klassenstufen \u00a0teilgenommen haben. Schulleiterin Mechthild Wigbers zeigt sich erfreut \u00fcber die positive Teilnahme. \u201eEs macht den Kindern sichtlich Spa\u00df, plattdeutsch zu sprechen. So kann das Plattdeutsch als traditionelle Sprache auch der jungen Generation nahe gebracht werden.\u201c<\/p>\n<p>Der Vortrag eines plattdeutschen Textes (5 Minuten) der teilnehmenden Kinder erfolgte vor allen Kindern der Klassen 3 und 4 und der Jury (Lehrkr\u00e4fte der Schule).<\/p>\n<p>F\u00fcr die Durchf\u00fchrung des Wettbewerbes wurden zwei ausgew\u00e4hlte Vorlesetage im Februar 2011 angesetzt. Alle Gewinner der Klassen 3 und 4 erhielten eine Urkunde.<\/p>\n<p>Die Gewinner (1. Platz) der Altersgruppen (Schulsieger) bekommen zus\u00e4tzlich Gutscheine von der Sparkasse und qualifizieren sich f\u00fcr die n\u00e4chste Runde des Wettbewerbes in S\u00f6gel. Hier nehmen dann alle Schulsieger aus der Region S\u00f6gel teil. Der Kreisentscheid findet Mitte Mai 2011 statt. Die Gewinner des Kreisentscheides nehmen am 27. Mai 2011 am Bezirksentscheid in Nordhorn teil.<\/p>\n<p>Text: Mechthild Wigbers<\/p>\n","protected":false},"excerpt":{"rendered":"der Grundschule Gro\u00df Ber\u00dfen\/H\u00fcven Im zweij\u00e4hrigen Rhythmus findet der von den Sparkassen organisierte plattdeutsche Vorlesewettbewerb \u201eSch\u00fcler lesen platt\u201c statt. Nach Aussage der Organisatoren des Sparkassenteams pr\u00e4gt \u201edie plattdeutsche Sprache als Teil unserer Umwelt auch heute noch soziale und kulturelle Strukturen im hiesigen Raum. Kenntnisse der plattdeutschen Sprache erweitern die M\u00f6glichkeiten der Kommunikation und verbessern das [&hellip;]\n","protected":false},"author":2,"featured_media":0,"comment_status":"closed","ping_status":"closed","sticky":false,"template":"","format":"standard","meta":{"ngg_post_thumbnail":0,"footnotes":""},"categories":[6],"tags":[],"class_list":["post-4706","post","type-post","status-publish","format-standard","hentry","category-aus-der-schule-geplaudert"],"_links":{"self":[{"href":"https:\/\/www.forum-soegel.de\/information\/wp-json\/wp\/v2\/posts\/4706","targetHints":{"allow":["GET"]}}],"collection":[{"href":"https:\/\/www.forum-soegel.de\/information\/wp-json\/wp\/v2\/posts"}],"about":[{"href":"https:\/\/www.forum-soegel.de\/information\/wp-json\/wp\/v2\/types\/post"}],"author":[{"embeddable":true,"href":"https:\/\/www.forum-soegel.de\/information\/wp-json\/wp\/v2\/users\/2"}],"replies":[{"embeddable":true,"href":"https:\/\/www.forum-soegel.de\/information\/wp-json\/wp\/v2\/comments?post=4706"}],"version-history":[{"count":3,"href":"https:\/\/www.forum-soegel.de\/information\/wp-json\/wp\/v2\/posts\/4706\/revisions"}],"predecessor-version":[{"id":4799,"href":"https:\/\/www.forum-soegel.de\/information\/wp-json\/wp\/v2\/posts\/4706\/revisions\/4799"}],"wp:attachment":[{"href":"https:\/\/www.forum-soegel.de\/information\/wp-json\/wp\/v2\/media?parent=4706"}],"wp:term":[{"taxonomy":"category","embeddable":true,"href":"https:\/\/www.forum-soegel.de\/information\/wp-json\/wp\/v2\/categories?post=4706"},{"taxonomy":"post_tag","embeddable":true,"href":"https:\/\/www.forum-soegel.de\/information\/wp-json\/wp\/v2\/tags?post=4706"}],"curies":[{"name":"wp","href":"https:\/\/api.w.org\/{rel}","templated":true}]}}