{"id":4698,"date":"2011-04-01T00:02:15","date_gmt":"2011-03-31T22:02:15","guid":{"rendered":"https:\/\/www.forum-soegel.de\/information\/?p=4698"},"modified":"2011-03-30T18:11:06","modified_gmt":"2011-03-30T16:11:06","slug":"ausstellungsbesuch-%e2%80%9eein-koffer-fur-die-letzte-reise%e2%80%9c","status":"publish","type":"post","link":"https:\/\/www.forum-soegel.de\/information\/2011\/04\/ausstellungsbesuch-%e2%80%9eein-koffer-fur-die-letzte-reise%e2%80%9c\/","title":{"rendered":"Ausstellungsbesuch \u201eEin Koffer f\u00fcr die letzte Reise\u201c"},"content":{"rendered":"<p><strong>mit anschlie\u00dfendem Workshop<\/strong><\/p>\n<p>Am Dienstag, 01.03.2011 erlebten die Sch\u00fcler u. Sch\u00fclerinnen der 10.Klassen der Schule am Schloss im zeitlichen Rahmen eines Schulvormittags einen Unterricht ganz besonderer Art. Mit ihren Religionslehrerinnen Frau Geers, Frau Wegmann und Frau Eilermann besuchten sie nach einem kurzen Impulsfilm zun\u00e4chst die besondere Kofferausstellung. Anschlie\u00dfend vertieften sie dann ihre pers\u00f6nlichen Eindr\u00fccke\/Einw\u00e4nde in vier speziell dazu vorbereiteten R\u00e4umen im Marstall Clemenswerth.<\/p>\n<p>So konnten sie z.B. ihren eigenen Koffer \u201epacken\u201c, Kritik \u00e4u\u00dfern, ihre Fragen\/Thesen zum Thema formulieren und im besonders gestalteten Trauerraum ihrer pers\u00f6nlichen Trauer\/Erinnerung an Tod Ausdruck verleihen. Einen weiteren gro\u00dfen Schwerpunkt am Vormittag bildete das Sehen des Filmes \u201eMissippi-Fluss der Hoffnung\u201c. Dieser bewegende Film hat die Aids-Problematik zum Thema. F\u00fcr den Aidskranken Dexter gibt es keine Heilung, aber er erlebt im letzten Sommer vor seinem Tod die sch\u00f6nste, intensivste Freundschaft zu Erik.<\/p>\n<p>Im dritten gr\u00f6\u00dferen Block konnten die Sch\u00fclerinnen und Sch\u00fcler in kleinen Gruppen unter fachkundiger Leitung von Michael Strodt und weiteren Mitarbeitern des Marstalles Clemenswerth \u00fcber ihre pers\u00f6nlichen Erfahrungen mit dem Tod sprechen. In der Abschlussrunde fasste Michael Strodt seine gewonnenen Eindr\u00fccke an die Sch\u00fcler gerichtet zusammen. Sie seien alle, oder auch jeder auf seine\/ihre ganz pers\u00f6nliche Art mit dem Thema Tod sensibel und emotional unterschiedlich umgegangen. Sie sollten diese Eindr\u00fccke und Erfahrungen mit hinein nehmen in ihr ganz pers\u00f6nliches Leben.<\/p>\n<p>Text\/Foto: Angela Eilermann<\/p>\n<p><a href=\"https:\/\/www.forum-soegel.de\/information\/wp-content\/uploads\/2011\/03\/ausstellungsbesuch1.jpg\"><img loading=\"lazy\" decoding=\"async\" class=\"alignnone size-thumbnail wp-image-4699\" title=\"ausstellungsbesuch1\" src=\"https:\/\/www.forum-soegel.de\/information\/wp-content\/uploads\/2011\/03\/ausstellungsbesuch1-150x150.jpg\" alt=\"\" width=\"150\" height=\"150\" \/><\/a>\u00a0 <a href=\"https:\/\/www.forum-soegel.de\/information\/wp-content\/uploads\/2011\/03\/Ausstellungsbesuch2.jpg\"><img loading=\"lazy\" decoding=\"async\" class=\"alignnone size-thumbnail wp-image-4700\" title=\"Ausstellungsbesuch2\" src=\"https:\/\/www.forum-soegel.de\/information\/wp-content\/uploads\/2011\/03\/Ausstellungsbesuch2-150x150.jpg\" alt=\"\" width=\"150\" height=\"150\" \/><\/a><\/p>\n","protected":false},"excerpt":{"rendered":"mit anschlie\u00dfendem Workshop Am Dienstag, 01.03.2011 erlebten die Sch\u00fcler u. Sch\u00fclerinnen der 10.Klassen der Schule am Schloss im zeitlichen Rahmen eines Schulvormittags einen Unterricht ganz besonderer Art. Mit ihren Religionslehrerinnen Frau Geers, Frau Wegmann und Frau Eilermann besuchten sie nach einem kurzen Impulsfilm zun\u00e4chst die besondere Kofferausstellung. Anschlie\u00dfend vertieften sie dann ihre pers\u00f6nlichen Eindr\u00fccke\/Einw\u00e4nde in [&hellip;]\n","protected":false},"author":2,"featured_media":0,"comment_status":"closed","ping_status":"closed","sticky":false,"template":"","format":"standard","meta":{"ngg_post_thumbnail":0,"footnotes":""},"categories":[6],"tags":[],"class_list":["post-4698","post","type-post","status-publish","format-standard","hentry","category-aus-der-schule-geplaudert"],"_links":{"self":[{"href":"https:\/\/www.forum-soegel.de\/information\/wp-json\/wp\/v2\/posts\/4698","targetHints":{"allow":["GET"]}}],"collection":[{"href":"https:\/\/www.forum-soegel.de\/information\/wp-json\/wp\/v2\/posts"}],"about":[{"href":"https:\/\/www.forum-soegel.de\/information\/wp-json\/wp\/v2\/types\/post"}],"author":[{"embeddable":true,"href":"https:\/\/www.forum-soegel.de\/information\/wp-json\/wp\/v2\/users\/2"}],"replies":[{"embeddable":true,"href":"https:\/\/www.forum-soegel.de\/information\/wp-json\/wp\/v2\/comments?post=4698"}],"version-history":[{"count":2,"href":"https:\/\/www.forum-soegel.de\/information\/wp-json\/wp\/v2\/posts\/4698\/revisions"}],"predecessor-version":[{"id":4800,"href":"https:\/\/www.forum-soegel.de\/information\/wp-json\/wp\/v2\/posts\/4698\/revisions\/4800"}],"wp:attachment":[{"href":"https:\/\/www.forum-soegel.de\/information\/wp-json\/wp\/v2\/media?parent=4698"}],"wp:term":[{"taxonomy":"category","embeddable":true,"href":"https:\/\/www.forum-soegel.de\/information\/wp-json\/wp\/v2\/categories?post=4698"},{"taxonomy":"post_tag","embeddable":true,"href":"https:\/\/www.forum-soegel.de\/information\/wp-json\/wp\/v2\/tags?post=4698"}],"curies":[{"name":"wp","href":"https:\/\/api.w.org\/{rel}","templated":true}]}}