{"id":469,"date":"2010-01-01T12:48:56","date_gmt":"2010-01-01T10:48:56","guid":{"rendered":"https:\/\/www.forum-soegel.de\/information\/?p=469"},"modified":"2010-03-10T21:32:54","modified_gmt":"2010-03-10T19:32:54","slug":"ein-kleinod-stellt-sich-vor","status":"publish","type":"post","link":"https:\/\/www.forum-soegel.de\/information\/2010\/01\/ein-kleinod-stellt-sich-vor\/","title":{"rendered":"Ein Kleinod stellt sich vor"},"content":{"rendered":"<p>Wussten Sie eigentlich, welches Kleinod das Zentrum S\u00f6gels birgt? Es ist das Bildungszentrum &#8211; Forum f\u00fcr lebendige Geschichte und Literatur &#8211; in der Sigiltrastr. 10A (fr\u00fcherer Lidl-Markt). An der Stra\u00dfenfront finden Sie die K\u00d6B &#8211; Katholische \u00f6ffentliche B\u00fccherei &#8211; ; sie vorzustellen, hie\u00dfe Eulen nach Athen \u00a0tragen (oder Moor ins Emsland). Die R\u00e4ume dahinter beherbergen das Forum S\u00f6gel e. V. &#8211; Informationen, Geschichte, Zukunft, kurz Geschichts- und Zukunftswerkstatt. Der gemeinsame Prospekt von K\u00d6B und Forum S\u00f6gel nennt als Ziel der Werkstatt: &#8222;Die Geschichte S\u00f6gels und des H\u00fcmmlings im Kontext zur emsl\u00e4ndischen, deutschen und europ\u00e4ischen Geschichte f\u00fcr eine emotionale, anschauliche, erlebnisreiche und zeitgem\u00e4\u00dfe Pr\u00e4sentation aufzuarbeiten. Die Entwicklungsgeschichte des H\u00fcmmlings im 19. und 20. Jahrhundert hat grundlegende Bedeutung f\u00fcr das heutige wirtschaftliche und soziale Lebensumfeld und die freiheitlich-demokratische Ordnung unserer Region. Die Kr\u00e4fte, Ideen und Entscheidungen der Menschen, die diese neue Ordnung bewirkt haben, werden an regionalen Beispielen veranschaulicht.&#8220; Man betritt die Werkstatt durch einen ansprechend gestalteten Empfangsraum und geht dann hinter einem Seminar- und Multimediaraum auf eine Zeitreise ins 19. Jahrhundert im n\u00e4chsten Raum. Er demonstriert mit Schautafeln und H\u00f6rtexten die politische Situation von 1797 bis 1866, als der H\u00fcmmling franz\u00f6sisch wurde, anschlie\u00dfend die F\u00fcrstenherrschaft zur\u00fcckkehrte, es gleichwohl auch mehr Freiheit und Rechte f\u00fcr den einzelnen gab. Haben wir Ihnen Appetit gemacht? Demn\u00e4chst lesen Sie in der IfS mehr \u00fcber die Werkstatt. Besser noch, besuchen Sie sie. \u00d6ffnungszeiten bis M\u00e4rz dienstags sowie mittwochs 16.00 bis18.00 Uhr, donnerstags 9.00 bis 12.00 Uhr, freitags von 16.00 bis 18.30 Uhr und nach Voranmeldung unter Tel. 05952\/9699834\/1362 oder 9681452. &#8211; Die deutsche Sprache kennt kein Gegenst\u00fcck zum Kleinod, aber wenn Sie die Werkstatt besucht haben, werden Sie es als schmerzliche L\u00fccke der Sprache empfinden, dass das Wort &#8222;Gro\u00dfod&#8220; fehlt.<\/p>\n<p><a href=\"https:\/\/www.forum-soegel.de\/information\/wp-content\/uploads\/2010\/01\/DSCF1216.jpg\"><img loading=\"lazy\" decoding=\"async\" class=\"alignnone size-medium wp-image-869\" title=\"DSCF1216\" src=\"https:\/\/www.forum-soegel.de\/information\/wp-content\/uploads\/2010\/01\/DSCF1216-300x225.jpg\" alt=\"\" width=\"180\" height=\"135\" srcset=\"https:\/\/www.forum-soegel.de\/information\/wp-content\/uploads\/2010\/01\/DSCF1216-300x225.jpg 300w, https:\/\/www.forum-soegel.de\/information\/wp-content\/uploads\/2010\/01\/DSCF1216-1023x767.jpg 1023w, https:\/\/www.forum-soegel.de\/information\/wp-content\/uploads\/2010\/01\/DSCF1216.jpg 1648w\" sizes=\"auto, (max-width: 180px) 100vw, 180px\" \/><\/a>\u00a0 <a href=\"https:\/\/www.forum-soegel.de\/information\/wp-content\/uploads\/2010\/01\/DSCF1218.jpg\"><img loading=\"lazy\" decoding=\"async\" class=\"alignnone size-thumbnail wp-image-870\" title=\"DSCF1218\" src=\"https:\/\/www.forum-soegel.de\/information\/wp-content\/uploads\/2010\/01\/DSCF1218-150x150.jpg\" alt=\"\" width=\"150\" height=\"150\" \/><\/a>\u00a0 <a href=\"https:\/\/www.forum-soegel.de\/information\/wp-content\/uploads\/2010\/01\/DSCF1222.jpg\"><img loading=\"lazy\" decoding=\"async\" class=\"alignnone size-thumbnail wp-image-871\" title=\"DSCF1222\" src=\"https:\/\/www.forum-soegel.de\/information\/wp-content\/uploads\/2010\/01\/DSCF1222-150x150.jpg\" alt=\"\" width=\"150\" height=\"150\" \/><\/a>\u00a0 <a href=\"https:\/\/www.forum-soegel.de\/information\/wp-content\/uploads\/2010\/01\/DSCF1224.jpg\"><img loading=\"lazy\" decoding=\"async\" class=\"alignnone size-thumbnail wp-image-872\" title=\"DSCF1224\" src=\"https:\/\/www.forum-soegel.de\/information\/wp-content\/uploads\/2010\/01\/DSCF1224-150x150.jpg\" alt=\"\" width=\"150\" height=\"150\" \/><\/a><\/p>\n<p>Text\/Foto: UM<\/p>\n","protected":false},"excerpt":{"rendered":"Wussten Sie eigentlich, welches Kleinod das Zentrum S\u00f6gels birgt? Es ist das Bildungszentrum &#8211; Forum f\u00fcr lebendige Geschichte und Literatur &#8211; in der Sigiltrastr. 10A (fr\u00fcherer Lidl-Markt). An der Stra\u00dfenfront finden Sie die K\u00d6B &#8211; Katholische \u00f6ffentliche B\u00fccherei &#8211; ; sie vorzustellen, hie\u00dfe Eulen nach Athen \u00a0tragen (oder Moor ins Emsland). Die R\u00e4ume dahinter beherbergen [&hellip;]\n","protected":false},"author":2,"featured_media":0,"comment_status":"closed","ping_status":"closed","sticky":false,"template":"","format":"standard","meta":{"ngg_post_thumbnail":0,"footnotes":""},"categories":[5],"tags":[],"class_list":["post-469","post","type-post","status-publish","format-standard","hentry","category-was-machen-die-vereine"],"_links":{"self":[{"href":"https:\/\/www.forum-soegel.de\/information\/wp-json\/wp\/v2\/posts\/469","targetHints":{"allow":["GET"]}}],"collection":[{"href":"https:\/\/www.forum-soegel.de\/information\/wp-json\/wp\/v2\/posts"}],"about":[{"href":"https:\/\/www.forum-soegel.de\/information\/wp-json\/wp\/v2\/types\/post"}],"author":[{"embeddable":true,"href":"https:\/\/www.forum-soegel.de\/information\/wp-json\/wp\/v2\/users\/2"}],"replies":[{"embeddable":true,"href":"https:\/\/www.forum-soegel.de\/information\/wp-json\/wp\/v2\/comments?post=469"}],"version-history":[{"count":4,"href":"https:\/\/www.forum-soegel.de\/information\/wp-json\/wp\/v2\/posts\/469\/revisions"}],"predecessor-version":[{"id":1592,"href":"https:\/\/www.forum-soegel.de\/information\/wp-json\/wp\/v2\/posts\/469\/revisions\/1592"}],"wp:attachment":[{"href":"https:\/\/www.forum-soegel.de\/information\/wp-json\/wp\/v2\/media?parent=469"}],"wp:term":[{"taxonomy":"category","embeddable":true,"href":"https:\/\/www.forum-soegel.de\/information\/wp-json\/wp\/v2\/categories?post=469"},{"taxonomy":"post_tag","embeddable":true,"href":"https:\/\/www.forum-soegel.de\/information\/wp-json\/wp\/v2\/tags?post=469"}],"curies":[{"name":"wp","href":"https:\/\/api.w.org\/{rel}","templated":true}]}}