{"id":4673,"date":"2011-04-01T00:46:44","date_gmt":"2011-03-31T22:46:44","guid":{"rendered":"https:\/\/www.forum-soegel.de\/information\/?p=4673"},"modified":"2011-03-29T18:48:43","modified_gmt":"2011-03-29T16:48:43","slug":"kfz-werkstatt-igor-klein-in-sogel","status":"publish","type":"post","link":"https:\/\/www.forum-soegel.de\/information\/2011\/04\/kfz-werkstatt-igor-klein-in-sogel\/","title":{"rendered":"KFZ Werkstatt Igor Klein in S\u00f6gel"},"content":{"rendered":"<p>Rechtzeitig zur Fr\u00fchjahrsmesse in S\u00f6gel konnte Igor Klein seine neue KFZ-Werkstatt in S\u00f6gel am verkehrg\u00fcnstig gelegenen Kreisverkehrsplatz an der Ber\u00dfener Stra\u00dfe er\u00f6ffnen. In einer kleinen Feier wurden die R\u00e4umlichkeiten von Pfarrer Bernhard Horstmann kirchlich gesegnet. Zum Spektrum der Firma geh\u00f6ren Reparaturen aller Art rund um das Auto. Die Vertreter der Gemeinde S\u00f6gel sowie des HGV S\u00f6gels w\u00fcnschten einen guten Gesch\u00e4ftsstart am neuen Standort und w\u00fcrdigten den Unternehmergeist des Gesch\u00e4ftsinhabers Igor Kleins.<\/p>\n<p>Text\/Foto: IC<\/p>\n<div id=\"attachment_4674\" style=\"width: 310px\" class=\"wp-caption alignnone\"><a href=\"https:\/\/www.forum-soegel.de\/information\/wp-content\/uploads\/2011\/03\/KTIK-Igor-Klein-Autohaus.jpg\"><img loading=\"lazy\" decoding=\"async\" aria-describedby=\"caption-attachment-4674\" class=\"size-medium wp-image-4674\" title=\"KTIK Igor Klein Autohaus\" src=\"https:\/\/www.forum-soegel.de\/information\/wp-content\/uploads\/2011\/03\/KTIK-Igor-Klein-Autohaus-300x225.jpg\" alt=\"\" width=\"300\" height=\"225\" srcset=\"https:\/\/www.forum-soegel.de\/information\/wp-content\/uploads\/2011\/03\/KTIK-Igor-Klein-Autohaus-300x225.jpg 300w, https:\/\/www.forum-soegel.de\/information\/wp-content\/uploads\/2011\/03\/KTIK-Igor-Klein-Autohaus.jpg 1024w\" sizes=\"auto, (max-width: 300px) 100vw, 300px\" \/><\/a><p id=\"caption-attachment-4674\" class=\"wp-caption-text\">Ronald Br\u00e4utigam, Igor Klein, Dennis Klein, Tatjana Klein, Raphael Klein, B\u00fcrgermeister Heiner Wellenbrock, Gemeindedirektor G\u00fcnter Wigbers und Pfarrer Bernhard Horstmann<\/p><\/div>\n","protected":false},"excerpt":{"rendered":"Rechtzeitig zur Fr\u00fchjahrsmesse in S\u00f6gel konnte Igor Klein seine neue KFZ-Werkstatt in S\u00f6gel am verkehrg\u00fcnstig gelegenen Kreisverkehrsplatz an der Ber\u00dfener Stra\u00dfe er\u00f6ffnen. In einer kleinen Feier wurden die R\u00e4umlichkeiten von Pfarrer Bernhard Horstmann kirchlich gesegnet. Zum Spektrum der Firma geh\u00f6ren Reparaturen aller Art rund um das Auto. Die Vertreter der Gemeinde S\u00f6gel sowie des HGV [&hellip;]\n","protected":false},"author":2,"featured_media":0,"comment_status":"closed","ping_status":"closed","sticky":false,"template":"","format":"standard","meta":{"ngg_post_thumbnail":0,"footnotes":""},"categories":[4],"tags":[644,645],"class_list":["post-4673","post","type-post","status-publish","format-standard","hentry","category-aus-der-geschaftswelt","tag-kfz","tag-werkstatt"],"_links":{"self":[{"href":"https:\/\/www.forum-soegel.de\/information\/wp-json\/wp\/v2\/posts\/4673","targetHints":{"allow":["GET"]}}],"collection":[{"href":"https:\/\/www.forum-soegel.de\/information\/wp-json\/wp\/v2\/posts"}],"about":[{"href":"https:\/\/www.forum-soegel.de\/information\/wp-json\/wp\/v2\/types\/post"}],"author":[{"embeddable":true,"href":"https:\/\/www.forum-soegel.de\/information\/wp-json\/wp\/v2\/users\/2"}],"replies":[{"embeddable":true,"href":"https:\/\/www.forum-soegel.de\/information\/wp-json\/wp\/v2\/comments?post=4673"}],"version-history":[{"count":1,"href":"https:\/\/www.forum-soegel.de\/information\/wp-json\/wp\/v2\/posts\/4673\/revisions"}],"predecessor-version":[{"id":4675,"href":"https:\/\/www.forum-soegel.de\/information\/wp-json\/wp\/v2\/posts\/4673\/revisions\/4675"}],"wp:attachment":[{"href":"https:\/\/www.forum-soegel.de\/information\/wp-json\/wp\/v2\/media?parent=4673"}],"wp:term":[{"taxonomy":"category","embeddable":true,"href":"https:\/\/www.forum-soegel.de\/information\/wp-json\/wp\/v2\/categories?post=4673"},{"taxonomy":"post_tag","embeddable":true,"href":"https:\/\/www.forum-soegel.de\/information\/wp-json\/wp\/v2\/tags?post=4673"}],"curies":[{"name":"wp","href":"https:\/\/api.w.org\/{rel}","templated":true}]}}