{"id":467,"date":"2010-01-01T12:46:28","date_gmt":"2010-01-01T10:46:28","guid":{"rendered":"https:\/\/www.forum-soegel.de\/information\/?p=467"},"modified":"2010-03-10T21:29:21","modified_gmt":"2010-03-10T19:29:21","slug":"eistener-kinder-sammelten-fur-einen-guten-zweck","status":"publish","type":"post","link":"https:\/\/www.forum-soegel.de\/information\/2010\/01\/eistener-kinder-sammelten-fur-einen-guten-zweck\/","title":{"rendered":"Eistener Kinder sammelten f\u00fcr einen guten Zweck"},"content":{"rendered":"<p>Wie in jedem Jahr haben die Eistener Kinder beim St Martinssingen, unter der Leitung des Nikolausvereins Eisten, wieder Spendengelder f\u00fcr einen guten Zweck gesammelt. Am 22.11.09 nahm Frau Yvonne D\u00fcttmann den stolzen Betrag von 321,50 \u20acuro von Anna G\u00f6vert und Lukas Jansen entgegen. Der Betrag soll dem LEONA e.V. zugute kommen! Dabei handelt es sich um einen Verein, der seine Hauptaufgaben darin sieht, Kontakte zu vermitteln zwischen Eltern, deren Kinder seltene chromosomale St\u00f6rungen haben, um diese Eltern bzw. auch schwangere Frauen zu begleiten. Neben dem Erfahrungsaustausch zwischen den Eltern ist auch die Trauerbegleitung beim Verlust eines Kindes sehr wichtig. Yvonne D\u00fcttmann ist selbst betroffene Mutter und unterst\u00fctzt den Verein aktiv seit 2002 mit Ihrer Regionalstelle Emsland!<\/p>\n<div id=\"attachment_865\" style=\"width: 310px\" class=\"wp-caption alignnone\"><a href=\"https:\/\/www.forum-soegel.de\/information\/wp-content\/uploads\/2010\/01\/StMartin2009.jpg\"><img loading=\"lazy\" decoding=\"async\" aria-describedby=\"caption-attachment-865\" class=\"size-medium wp-image-865\" title=\"StMartin2009\" src=\"https:\/\/www.forum-soegel.de\/information\/wp-content\/uploads\/2010\/01\/StMartin2009-300x225.jpg\" alt=\"\" width=\"300\" height=\"225\" srcset=\"https:\/\/www.forum-soegel.de\/information\/wp-content\/uploads\/2010\/01\/StMartin2009-300x225.jpg 300w, https:\/\/www.forum-soegel.de\/information\/wp-content\/uploads\/2010\/01\/StMartin2009-1024x768.jpg 1024w, https:\/\/www.forum-soegel.de\/information\/wp-content\/uploads\/2010\/01\/StMartin2009.jpg 1417w\" sizes=\"auto, (max-width: 300px) 100vw, 300px\" \/><\/a><p id=\"caption-attachment-865\" class=\"wp-caption-text\">Silvia Schr\u00f6er (li) und Stephanie Knese vom Nikolausverein Eisten. Yvonne D\u00fcttmann als betroffene Mutter und Leiterin der Regionalstelle Emsland sowie Sven D\u00fcttmann mit Lennart, Hanna, Bianca und Timo aus Eisten.<\/p><\/div>\n<p>Text\/Fot0: Wilhelm B\u00fcter<\/p>\n","protected":false},"excerpt":{"rendered":"Wie in jedem Jahr haben die Eistener Kinder beim St Martinssingen, unter der Leitung des Nikolausvereins Eisten, wieder Spendengelder f\u00fcr einen guten Zweck gesammelt. Am 22.11.09 nahm Frau Yvonne D\u00fcttmann den stolzen Betrag von 321,50 \u20acuro von Anna G\u00f6vert und Lukas Jansen entgegen. Der Betrag soll dem LEONA e.V. zugute kommen! Dabei handelt es sich [&hellip;]\n","protected":false},"author":2,"featured_media":0,"comment_status":"closed","ping_status":"closed","sticky":false,"template":"","format":"standard","meta":{"ngg_post_thumbnail":0,"footnotes":""},"categories":[5],"tags":[],"class_list":["post-467","post","type-post","status-publish","format-standard","hentry","category-was-machen-die-vereine"],"_links":{"self":[{"href":"https:\/\/www.forum-soegel.de\/information\/wp-json\/wp\/v2\/posts\/467","targetHints":{"allow":["GET"]}}],"collection":[{"href":"https:\/\/www.forum-soegel.de\/information\/wp-json\/wp\/v2\/posts"}],"about":[{"href":"https:\/\/www.forum-soegel.de\/information\/wp-json\/wp\/v2\/types\/post"}],"author":[{"embeddable":true,"href":"https:\/\/www.forum-soegel.de\/information\/wp-json\/wp\/v2\/users\/2"}],"replies":[{"embeddable":true,"href":"https:\/\/www.forum-soegel.de\/information\/wp-json\/wp\/v2\/comments?post=467"}],"version-history":[{"count":5,"href":"https:\/\/www.forum-soegel.de\/information\/wp-json\/wp\/v2\/posts\/467\/revisions"}],"predecessor-version":[{"id":866,"href":"https:\/\/www.forum-soegel.de\/information\/wp-json\/wp\/v2\/posts\/467\/revisions\/866"}],"wp:attachment":[{"href":"https:\/\/www.forum-soegel.de\/information\/wp-json\/wp\/v2\/media?parent=467"}],"wp:term":[{"taxonomy":"category","embeddable":true,"href":"https:\/\/www.forum-soegel.de\/information\/wp-json\/wp\/v2\/categories?post=467"},{"taxonomy":"post_tag","embeddable":true,"href":"https:\/\/www.forum-soegel.de\/information\/wp-json\/wp\/v2\/tags?post=467"}],"curies":[{"name":"wp","href":"https:\/\/api.w.org\/{rel}","templated":true}]}}