{"id":4669,"date":"2011-04-01T00:43:05","date_gmt":"2011-03-31T22:43:05","guid":{"rendered":"https:\/\/www.forum-soegel.de\/information\/?p=4669"},"modified":"2011-03-29T18:46:38","modified_gmt":"2011-03-29T16:46:38","slug":"ein-team-das-mut-macht","status":"publish","type":"post","link":"https:\/\/www.forum-soegel.de\/information\/2011\/04\/ein-team-das-mut-macht\/","title":{"rendered":"Ein Team, das Mut macht"},"content":{"rendered":"<p>Zum 1. April 2011 \u00fcbernehmen Mechthild Hinrichs und Renate Pr\u00fctz gleichberechtigt die Gesch\u00e4ftsf\u00fchrung des A+W Bildungszentrums mit seinen 37 Mitarbeitern und momentan ungef\u00e4hr 240 Teilnehmerpl\u00e4tzen an den Standorten S\u00f6gel, Papenburg und Stavern.<\/p>\n<p>In unterschiedlichen Ausbildungsbereichen werden in Kooperation mit der Agentur f\u00fcr Arbeit und den Kommunen vor allem Jugendliche gef\u00f6rdert, die am Arbeitsmarkt benachteiligt sind. Ziel ist eine dauerhafte Integration in das Arbeitsleben durch berufliche Qualifizierung und Pers\u00f6nlichkeitsentwicklung. Initiiert wurde A+W 1984 von Richard Pomberg als Arbeitslosenprojekt im Marstall Clemenswerth und bis heute zu einem regional anerkannten Bildungstr\u00e4ger weiter entwickelt. Nach mehr als zwei Jahrzehnten der Gesch\u00e4ftsf\u00fchrung wurde Richard Pomberg nun in den Ruhestand verabschiedet.<\/p>\n<p>In Zukunft sollen die Aufgaben auf mehrere Schultern verteilt werden. Mechthild Hinrichs k\u00fcmmert sich um das operative Gesch\u00e4ft, die Unternehmensf\u00fchrung und Steuerung, Renate Pr\u00fctz ist zust\u00e4ndig f\u00fcr das p\u00e4dagogische Konzept und die Strategieentwicklung.<\/p>\n<p>\u201eWir sind beide gewisserma\u00dfen mit A+W gro\u00df geworden\u201c, betonen die beiden neuen Gesch\u00e4ftsf\u00fchrerinnen ihre immerhin schon knapp zwanzig Jahre w\u00e4hrende Verbundenheit mit dem Unternehmen. Gleichzeitig machen sie deutlich, dass durch die langj\u00e4hrige Erfahrung und die Kenntnis der Region mit einer internen L\u00f6sung die Fortf\u00fchrung der bisherigen Philosophie m\u00f6glich sei.<\/p>\n<p>Die 51-j\u00e4hrige Renate Pr\u00fctz studierte nach dem Abitur am Maristengymnasium Meppen zun\u00e4chst in Vechta Sozialarbeit und arbeitete im Jugendstrafvollzug in Vechta. Ihr ganzes Berufsleben \u00fcber sammelte die geb\u00fcrtige Lathenerin Erfahrungen mit Jugendlichen, bildete sich zur Arbeitsvermittlerin fort und durchlief seit 1993 unter anderem als Ma\u00dfnahmebetreuerin in ausbildungsbegleitenden Hilfen und sp\u00e4ter Ma\u00dfnahmeleiterin des Bewerbungsb\u00fcros am Standort Papenburg mehrere Abteilungen bei A + W, bis sie 2001 stellvertretende Leiterin wurde.<\/p>\n<p>Mechthild Hinrichs wurde 1970 in S\u00f6gel geboren und machte eine Ausbildung zur Hauswirtschaftlichen Betriebsleiterin. Seit 1991 ist die Mutter einer neunj\u00e4hrigen Tochter bei dem Bildungszentrum t\u00e4tig. Eingestiegen als Arbeitsbereichsleiterin und Ausbilderin, arbeitete Hinrichs bis zu ihrer Bef\u00f6rderung zur Gesch\u00e4ftsf\u00fchrerin als Ma\u00dfnahmeleiterin der Ausbildung, Qualit\u00e4tsbeauftragte, beratendes Mitglied in F\u00f6rderkonferenzen und Mitglied in der Projektgruppe Christliches Profil.<\/p>\n<p>\u201eJede Zukunft beginnt mit einer guten Idee \u2013 und wir wollen dieser Idee, von der A+W lebt, eine Zukunft geben\u201c, sind sich die beiden \u00fcber die Zielsetzung der n\u00e4chsten Jahre einig, Richard Pombergs Fu\u00dfspuren folgen zu k\u00f6nnen.<\/p>\n<p>Text\/Foto: JB\u00a0\u00a0<\/p>\n<div id=\"attachment_4670\" style=\"width: 307px\" class=\"wp-caption alignnone\"><a href=\"https:\/\/www.forum-soegel.de\/information\/wp-content\/uploads\/2011\/03\/ein-Team-das-Mut-macht-1.jpg\"><img loading=\"lazy\" decoding=\"async\" aria-describedby=\"caption-attachment-4670\" class=\"size-medium wp-image-4670 \" title=\"ein Team das Mut macht 1\" src=\"https:\/\/www.forum-soegel.de\/information\/wp-content\/uploads\/2011\/03\/ein-Team-das-Mut-macht-1-297x300.jpg\" alt=\"\" width=\"297\" height=\"300\" srcset=\"https:\/\/www.forum-soegel.de\/information\/wp-content\/uploads\/2011\/03\/ein-Team-das-Mut-macht-1-297x300.jpg 297w, https:\/\/www.forum-soegel.de\/information\/wp-content\/uploads\/2011\/03\/ein-Team-das-Mut-macht-1.jpg 762w\" sizes=\"auto, (max-width: 297px) 100vw, 297px\" \/><\/a><p id=\"caption-attachment-4670\" class=\"wp-caption-text\">Mechthild Hinrichs, Renate Pr\u00fctz<\/p><\/div>\n","protected":false},"excerpt":{"rendered":"Zum 1. April 2011 \u00fcbernehmen Mechthild Hinrichs und Renate Pr\u00fctz gleichberechtigt die Gesch\u00e4ftsf\u00fchrung des A+W Bildungszentrums mit seinen 37 Mitarbeitern und momentan ungef\u00e4hr 240 Teilnehmerpl\u00e4tzen an den Standorten S\u00f6gel, Papenburg und Stavern. In unterschiedlichen Ausbildungsbereichen werden in Kooperation mit der Agentur f\u00fcr Arbeit und den Kommunen vor allem Jugendliche gef\u00f6rdert, die am Arbeitsmarkt benachteiligt sind. [&hellip;]\n","protected":false},"author":2,"featured_media":0,"comment_status":"closed","ping_status":"closed","sticky":false,"template":"","format":"standard","meta":{"ngg_post_thumbnail":0,"footnotes":""},"categories":[4],"tags":[643],"class_list":["post-4669","post","type-post","status-publish","format-standard","hentry","category-aus-der-geschaftswelt","tag-a-w"],"_links":{"self":[{"href":"https:\/\/www.forum-soegel.de\/information\/wp-json\/wp\/v2\/posts\/4669","targetHints":{"allow":["GET"]}}],"collection":[{"href":"https:\/\/www.forum-soegel.de\/information\/wp-json\/wp\/v2\/posts"}],"about":[{"href":"https:\/\/www.forum-soegel.de\/information\/wp-json\/wp\/v2\/types\/post"}],"author":[{"embeddable":true,"href":"https:\/\/www.forum-soegel.de\/information\/wp-json\/wp\/v2\/users\/2"}],"replies":[{"embeddable":true,"href":"https:\/\/www.forum-soegel.de\/information\/wp-json\/wp\/v2\/comments?post=4669"}],"version-history":[{"count":2,"href":"https:\/\/www.forum-soegel.de\/information\/wp-json\/wp\/v2\/posts\/4669\/revisions"}],"predecessor-version":[{"id":4672,"href":"https:\/\/www.forum-soegel.de\/information\/wp-json\/wp\/v2\/posts\/4669\/revisions\/4672"}],"wp:attachment":[{"href":"https:\/\/www.forum-soegel.de\/information\/wp-json\/wp\/v2\/media?parent=4669"}],"wp:term":[{"taxonomy":"category","embeddable":true,"href":"https:\/\/www.forum-soegel.de\/information\/wp-json\/wp\/v2\/categories?post=4669"},{"taxonomy":"post_tag","embeddable":true,"href":"https:\/\/www.forum-soegel.de\/information\/wp-json\/wp\/v2\/tags?post=4669"}],"curies":[{"name":"wp","href":"https:\/\/api.w.org\/{rel}","templated":true}]}}