{"id":465,"date":"2010-01-01T12:38:49","date_gmt":"2010-01-01T10:38:49","guid":{"rendered":"https:\/\/www.forum-soegel.de\/information\/?p=465"},"modified":"2010-03-10T21:26:00","modified_gmt":"2010-03-10T19:26:00","slug":"generalversammlung-der-kfd-sogel","status":"publish","type":"post","link":"https:\/\/www.forum-soegel.de\/information\/2010\/01\/generalversammlung-der-kfd-sogel\/","title":{"rendered":"Generalversammlung der kfd S\u00f6gel"},"content":{"rendered":"<p>Auf der Generalversammlung der kfd S\u00f6gel im Clemenswerther Hof konnte sich die 1. Vorsitzende Gisela Arling \u00fcber einen voll besetzten Saal mit kfd Frauen freuen. Frau Maria R\u00f6ttgers, mit 98 Jahren das \u00e4lteste Mitglied der kfd S\u00f6gel, wurde ganz besonders begr\u00fc\u00dft. Pr\u00e4sens Pastor Horstmann informierte die Frauen u. a. \u00fcber zuk\u00fcnftige Ver\u00e4nderungen in der Pfarrgemeinschaft. So werde im kommenden Jahr die Fr\u00fchmesse in S\u00f6gel wegfallen, da der Pfarrverbund durch die Gemeinden Berssen und Stavern erneut erweitert wurde. Ferner teilte er mit, dass das S\u00f6geler Schwesternkonvent durch drei Thuiner Franziskanerinnen wieder belebt worden sei, wor\u00fcber sich die Frauen sehr freuten. Die langj\u00e4hrige Di\u00f6zesanvorsitzende Ulla Schmees unterst\u00fctzte den kfd Vorstand bei dem Thema Beitragserh\u00f6hung. Da der Bundesverband nach elf Jahren seinen Beitrag von 8,20 \u20ac auf 12,00 \u20ac zum Jahre 2010 erh\u00f6ht, m\u00fcssen die Mitarbeiterinnen statt 15,00 \u20ac nun 19,50 \u20ac von den Mitgliedern an Jahresbeitrag einsammeln, wobei lediglich 6,65 \u20ac pro Mitglied in die eigene Pfarrei bleiben. Die ehemalige Di\u00f6zesanvorsitzende der kfd Ulla Schmees erkl\u00e4rte ausf\u00fchrlich die wirtschaftliche Notwendigkeit der Beitragserh\u00f6hung und z\u00e4hlte die vielen Aktionen und auch politischen Erfolge auf. So habe er sich z.B. stark eingesetzt bei der Anrechnung der Kindererziehungszeiten in der Rentenversicherung, bei der rentenwirksamen Anrechung von Pflegezeiten, f\u00fcr die weltweite Anrechnung von Frauenrechten \u00a0Sie appellierte an die Solidarit\u00e4t der Frauen und schlug vor, statt 19,50 \u20ac insgesamt 20,00 \u20ac einzusammeln, was dann auch durch mehrheitliche Abstimmung beschlossen werden konnte. Ausf\u00fchrlich berichtete die Schriftf\u00fchrerin Irmgard Schlangen-Otten in ihrem Jahresbericht \u00fcber die vielen Aktivit\u00e4ten der S\u00f6geler kfd im letzten Jahr. Die kfd S\u00f6gel hat mit ihren Spenden verschiedene Hilfsprojekte und Aktionen vor Ort unterst\u00fctzt. Die Spende auf der Generalversammlung belief sich auf ca. 440,00 \u20ac und wurde Frau Dagmar Meyer f\u00fcr die Unterst\u00fctzung und Erweiterung der Kinderkirche \u00fcberreicht. \u00dcber die Entwicklung des S\u00f6geler Kindergartens berichtete die Leiterin des jetzigen Familienzentrums Frau Irmgard Welling anhand einer Bilderpr\u00e4sentation. Sie \u00fcberraschte die Frauen noch mit einer Kindergartengruppe und einem alten Film \u00fcber den S\u00f6geler Kindergarten. Die Vorstandsfrauen Birgit Hagenhoff, Regina Gorniak, Irmgard Schlangen-Otten und Marie-Luise Br\u00fcmmer erkl\u00e4rten den Zuh\u00f6rern das neue Leitbild der kfd mit den 10 Leitbilds\u00e4tzen und zeigten zu jedem Leitbildsatz Beispiele aus dem Leben ihrer \u00f6rtlichen kfd. F\u00fcr gute Unterhaltung sorgten zwei lustige Sketcheinlagen von Ulla Zwake und Helena Gehrs. Einen musikalischen Beitrag leistete der Jugendchor unter der Leitung von Regionalkantorin Frauke Sparfeldt. Zum Abschluss gab Birgit Hagenhoff den Frauen eine besinnliche Geschichte mit auf den Weg.<\/p>\n<p><a href=\"https:\/\/www.forum-soegel.de\/information\/wp-content\/uploads\/2010\/01\/Generalvers.-KFD.jpg\"><img loading=\"lazy\" decoding=\"async\" class=\"alignnone size-medium wp-image-863\" title=\"Generalvers. KFD\" src=\"https:\/\/www.forum-soegel.de\/information\/wp-content\/uploads\/2010\/01\/Generalvers.-KFD-225x300.jpg\" alt=\"\" width=\"225\" height=\"300\" srcset=\"https:\/\/www.forum-soegel.de\/information\/wp-content\/uploads\/2010\/01\/Generalvers.-KFD-225x300.jpg 225w, https:\/\/www.forum-soegel.de\/information\/wp-content\/uploads\/2010\/01\/Generalvers.-KFD.jpg 480w\" sizes=\"auto, (max-width: 225px) 100vw, 225px\" \/><\/a><\/p>\n<p>Text\/Foto: Gisela Arling, kfd S\u00f6gel<\/p>\n","protected":false},"excerpt":{"rendered":"Auf der Generalversammlung der kfd S\u00f6gel im Clemenswerther Hof konnte sich die 1. Vorsitzende Gisela Arling \u00fcber einen voll besetzten Saal mit kfd Frauen freuen. Frau Maria R\u00f6ttgers, mit 98 Jahren das \u00e4lteste Mitglied der kfd S\u00f6gel, wurde ganz besonders begr\u00fc\u00dft. Pr\u00e4sens Pastor Horstmann informierte die Frauen u. a. \u00fcber zuk\u00fcnftige Ver\u00e4nderungen in der Pfarrgemeinschaft. [&hellip;]\n","protected":false},"author":2,"featured_media":0,"comment_status":"closed","ping_status":"closed","sticky":false,"template":"","format":"standard","meta":{"ngg_post_thumbnail":0,"footnotes":""},"categories":[5],"tags":[],"class_list":["post-465","post","type-post","status-publish","format-standard","hentry","category-was-machen-die-vereine"],"_links":{"self":[{"href":"https:\/\/www.forum-soegel.de\/information\/wp-json\/wp\/v2\/posts\/465","targetHints":{"allow":["GET"]}}],"collection":[{"href":"https:\/\/www.forum-soegel.de\/information\/wp-json\/wp\/v2\/posts"}],"about":[{"href":"https:\/\/www.forum-soegel.de\/information\/wp-json\/wp\/v2\/types\/post"}],"author":[{"embeddable":true,"href":"https:\/\/www.forum-soegel.de\/information\/wp-json\/wp\/v2\/users\/2"}],"replies":[{"embeddable":true,"href":"https:\/\/www.forum-soegel.de\/information\/wp-json\/wp\/v2\/comments?post=465"}],"version-history":[{"count":3,"href":"https:\/\/www.forum-soegel.de\/information\/wp-json\/wp\/v2\/posts\/465\/revisions"}],"predecessor-version":[{"id":864,"href":"https:\/\/www.forum-soegel.de\/information\/wp-json\/wp\/v2\/posts\/465\/revisions\/864"}],"wp:attachment":[{"href":"https:\/\/www.forum-soegel.de\/information\/wp-json\/wp\/v2\/media?parent=465"}],"wp:term":[{"taxonomy":"category","embeddable":true,"href":"https:\/\/www.forum-soegel.de\/information\/wp-json\/wp\/v2\/categories?post=465"},{"taxonomy":"post_tag","embeddable":true,"href":"https:\/\/www.forum-soegel.de\/information\/wp-json\/wp\/v2\/tags?post=465"}],"curies":[{"name":"wp","href":"https:\/\/api.w.org\/{rel}","templated":true}]}}