{"id":4645,"date":"2011-04-01T00:22:59","date_gmt":"2011-03-31T22:22:59","guid":{"rendered":"https:\/\/www.forum-soegel.de\/information\/?p=4645"},"modified":"2011-03-29T18:29:52","modified_gmt":"2011-03-29T16:29:52","slug":"sehr-positive-resonanz","status":"publish","type":"post","link":"https:\/\/www.forum-soegel.de\/information\/2011\/04\/sehr-positive-resonanz\/","title":{"rendered":"Sehr positive Resonanz"},"content":{"rendered":"<p><strong>S\u00f6geler Kunstschule zeigte neues Atelier<\/strong><\/p>\n<p>Am 27. Februar feierte die Kunstschule Tricolor mit einem \u201eTag der Offenen T\u00fcr \u201c die Einweihung des neuen Atelierraums in der Bernhardschule in S\u00f6gel..<\/p>\n<p>Sehr viele Besucher aus der Samtgemeinde und aus den Nachbargemeinden nahmen die M\u00f6glichkeit wahr, sich \u00fcber die Aktivit\u00e4ten der 3 Kunstschulen zu informieren. Neben Kaffee und Kuchen und einer kleinen Bilderausstellung war auch Kindermalen angesagt.<\/p>\n<p>\u00a0Viele \u201e Kleine K\u00fcnstler \u201c\u00a0 entdeckten\u00a0 dabei ungeahnte Begabungen. Als Neuerung im Kunstschulprogramm wird ab sofort f\u00fcr Kinder und Jugendliche mit guten Noten im Schulfach Kunst\u00a0 und f\u00fcr Wechsler mit Grundkenntnissen von anderen Kunstschulen ein 2-monatiges kostenloses Malen in einer der 3 Malschulen angeboten. Auf diese Art und Weise wollen wir Kinder und Jugendliche auch ohne Nutzung von \u00f6ffentlichen Mitteln f\u00f6rdern, so der 1. Vorsitzende Karl-Heinz Kupfer.<\/p>\n<p>Als Highlight wird \u201e Tricolor \u201c eine Gruppe f\u00fcr Fr\u00fchf\u00f6rderung anbieten. Ein speziell ausgebildeter Kunstp\u00e4dagoge wird mit Kindern ab 2 Jahren ( mit Mutter oder Vater ) altersbezogen k\u00fcnstlerisch aktiv werden. Anmeldungen sind jederzeit m\u00f6glich.<\/p>\n<p>Au\u00dferdem bietet die Kunstschule S\u00f6gel in K\u00fcrze zu besonders g\u00fcnstigen Konditionen T\u00f6pferkurse, f\u00fcr Teilnehmer mit T\u00f6pferkenntnissen,\u00a0 unter dem Motto \u201e Freies T\u00f6pfern ohne Lehrer \u201c an.<\/p>\n<p>Informationen und Anmeldungen<\/p>\n<p>Kunstkreis H\u00fcmmling e.V.<\/p>\n<p>Tel.: 05952-99 09 03<\/p>\n<p>Text: Karl-Heinz Kupfer.<\/p>\n","protected":false},"excerpt":{"rendered":"S\u00f6geler Kunstschule zeigte neues Atelier Am 27. Februar feierte die Kunstschule Tricolor mit einem \u201eTag der Offenen T\u00fcr \u201c die Einweihung des neuen Atelierraums in der Bernhardschule in S\u00f6gel.. Sehr viele Besucher aus der Samtgemeinde und aus den Nachbargemeinden nahmen die M\u00f6glichkeit wahr, sich \u00fcber die Aktivit\u00e4ten der 3 Kunstschulen zu informieren. Neben Kaffee und [&hellip;]\n","protected":false},"author":2,"featured_media":0,"comment_status":"closed","ping_status":"closed","sticky":false,"template":"","format":"standard","meta":{"ngg_post_thumbnail":0,"footnotes":""},"categories":[3],"tags":[584],"class_list":["post-4645","post","type-post","status-publish","format-standard","hentry","category-aktuelles-aus-der-region","tag-kunstschule-tricolor"],"_links":{"self":[{"href":"https:\/\/www.forum-soegel.de\/information\/wp-json\/wp\/v2\/posts\/4645","targetHints":{"allow":["GET"]}}],"collection":[{"href":"https:\/\/www.forum-soegel.de\/information\/wp-json\/wp\/v2\/posts"}],"about":[{"href":"https:\/\/www.forum-soegel.de\/information\/wp-json\/wp\/v2\/types\/post"}],"author":[{"embeddable":true,"href":"https:\/\/www.forum-soegel.de\/information\/wp-json\/wp\/v2\/users\/2"}],"replies":[{"embeddable":true,"href":"https:\/\/www.forum-soegel.de\/information\/wp-json\/wp\/v2\/comments?post=4645"}],"version-history":[{"count":1,"href":"https:\/\/www.forum-soegel.de\/information\/wp-json\/wp\/v2\/posts\/4645\/revisions"}],"predecessor-version":[{"id":4646,"href":"https:\/\/www.forum-soegel.de\/information\/wp-json\/wp\/v2\/posts\/4645\/revisions\/4646"}],"wp:attachment":[{"href":"https:\/\/www.forum-soegel.de\/information\/wp-json\/wp\/v2\/media?parent=4645"}],"wp:term":[{"taxonomy":"category","embeddable":true,"href":"https:\/\/www.forum-soegel.de\/information\/wp-json\/wp\/v2\/categories?post=4645"},{"taxonomy":"post_tag","embeddable":true,"href":"https:\/\/www.forum-soegel.de\/information\/wp-json\/wp\/v2\/tags?post=4645"}],"curies":[{"name":"wp","href":"https:\/\/api.w.org\/{rel}","templated":true}]}}