{"id":4630,"date":"2011-04-01T00:13:37","date_gmt":"2011-03-31T22:13:37","guid":{"rendered":"https:\/\/www.forum-soegel.de\/information\/?p=4630"},"modified":"2011-03-29T18:15:55","modified_gmt":"2011-03-29T16:15:55","slug":"cdu-werpeloh-will-schmitz-weiterhin-im-kreistag-sehen","status":"publish","type":"post","link":"https:\/\/www.forum-soegel.de\/information\/2011\/04\/cdu-werpeloh-will-schmitz-weiterhin-im-kreistag-sehen\/","title":{"rendered":"CDU Werpeloh will Schmitz weiterhin im Kreistag sehen"},"content":{"rendered":"<p>Der Vorstand der CDU B\u00f6rger hat einstimmig Kreistagsmitglied Bernd Schmitz f\u00fcr eine weitere Legislaturperiode vornominiert. Die bedeute aber keine Aufk\u00fcndigung des \u201eWahlb\u00fcndnisses\u201c mit den Ortsverb\u00e4nden in B\u00f6rger und Spahnharrenst\u00e4tte, betonte Vorsitzender Heinz Sandker bei einer Mitgliederversammlung.<\/p>\n<p>Laut dieser Vereinbarung ist n\u00e4mlich turnusgem\u00e4\u00df nach jeder Legislaturperiode jeweils ein anderer der drei Ortsverb\u00e4nde an der Reihe, einen gemeinsamen Kandidaten f\u00fcr die n\u00e4chsten f\u00fcnf Jahre im Kreistag zu stellen. Die CDU B\u00f6rger, welche demnach diesmal den Vorzug hat, hat bereits auf Vorschlag des Ortsverbandes der Jungen Union (JU) B\u00f6rger Ansgar Kossen als Kandidaten f\u00fcr den Kreistag nominiert. Die Werpeloher Christdemokraten sehen jedoch eine Chance darin, zus\u00e4tzlich das bisherige Kreistagsmitglied aus ihren Reihen, Bernd Schmitz, f\u00fcr eine zweite Legislaturperiode aufzustellen. Dar\u00fcber habe man die Christdemokraten in B\u00f6rger, Spahnharrenst\u00e4tte und auf Samtgemeindeebene informiert. \u201eEs macht Sinn, einen guten, f\u00e4higen und eingearbeiteten Kandidaten ein zweites Mal antreten zu lassen\u201c, betonte Sandker. Schmitz habe in den vergangenen Jahren vieles erreicht und zahlreiche wichtige Kontakte gekn\u00fcpft. Ausdr\u00fccklich stellten die Werpeloher Christdemokraten klar, dass man keine Auseinandersetzung mit der CDU B\u00f6rger hervorrufen wolle. So seien innerhalb des Wahlbereichs in der Samtgemeinde S\u00f6gel beim letzten Mal vier Kandidaten angetreten, zwei davon aus S\u00f6gel. Sandker: \u201eWeil die CDU S\u00f6gel diesmal nur einen Kandidaten aufstellt, gibt es angesichts von dann nur noch drei Bewerbern in der Samtgemeinde die M\u00f6glichkeit, mit Bernd Schmitz einem bew\u00e4hrten Kandidaten eine zweite Chance einzur\u00e4umen.\u201c Die Kandidatur von Ansgar Kossen biete vor allem die Gelegenheit, viele junge Leute zur Wahl zu motivieren. \u201eDas W\u00e4hlerpotential ist gro\u00df genug, um Schmitz und Kossen beide aufzustellen\u201c, begr\u00fcndete Sandker. Schmitz zeigte sich zu einer Kandidatur bereit, betonte aber das Miteinander der Christdemokraten auf Samtgemeindeebene: \u201eEs kann nur klappen, wenn wir als CDU eng zusammenarbeiten.\u201c Man wolle keinen Dissens mit dem Ortsverband B\u00f6rger, es k\u00f6nne f\u00fcr beide Kandidaten gut laufen.<\/p>\n<p>Wie sich im weiteren Verlauf der Versammlung herausstellte, wollen acht der elf bisherigen christdemokratischen Gemeinderatsmitglieder erneut kandidieren. Zus\u00e4tzlich erkl\u00e4rten sich die Mitglieder Irmgard Steenken, Heinz Sandker und Hermann Kuper zu einer Kandidatur bereit; die weiteren f\u00fcnf Kandidatenpl\u00e4tze sollen im Rahmen einer B\u00fcrgerversammlung am 16. Juni, zu der auch Kreisrat Reinhard Winter geladen ist, vergeben werden. Mit den Ergebnissen werde man dann in die Nominierungsversammlung gehen. Wie Heinz Sandker mitteilte, werde B\u00fcrgermeister Hermann Grotjohann nicht erneut kandidieren.<\/p>\n<p>Zu einer Samtgemeinderatskandidatur erkl\u00e4rten sich, neben dem bisherigen Ratsherr Bernd Schmitz, die Mitglieder Maria Kock und Thomas Hackmann bereit.<\/p>\n<p>Text\/Foto: Otto B\u00fcning<\/p>\n<div id=\"attachment_4631\" style=\"width: 310px\" class=\"wp-caption alignnone\"><a href=\"https:\/\/www.forum-soegel.de\/information\/wp-content\/uploads\/2011\/03\/CDU-Werpeloh.jpg\"><img loading=\"lazy\" decoding=\"async\" aria-describedby=\"caption-attachment-4631\" class=\"size-medium wp-image-4631\" title=\"CDU Werpeloh\" src=\"https:\/\/www.forum-soegel.de\/information\/wp-content\/uploads\/2011\/03\/CDU-Werpeloh-300x166.jpg\" alt=\"\" width=\"300\" height=\"166\" srcset=\"https:\/\/www.forum-soegel.de\/information\/wp-content\/uploads\/2011\/03\/CDU-Werpeloh-300x166.jpg 300w, https:\/\/www.forum-soegel.de\/information\/wp-content\/uploads\/2011\/03\/CDU-Werpeloh.jpg 1024w\" sizes=\"auto, (max-width: 300px) 100vw, 300px\" \/><\/a><p id=\"caption-attachment-4631\" class=\"wp-caption-text\">F\u00fcr eine weitere Kandidatur von Kreistagsmitglied Bernd Schmitz (2. v. l.) werben die Vorstandsmitglieder der CDU Werpeloh, (von links) Heinz Sandker, Wilhelm Wesseln und Bernd Masbaum. <\/p><\/div>\n","protected":false},"excerpt":{"rendered":"Der Vorstand der CDU B\u00f6rger hat einstimmig Kreistagsmitglied Bernd Schmitz f\u00fcr eine weitere Legislaturperiode vornominiert. Die bedeute aber keine Aufk\u00fcndigung des \u201eWahlb\u00fcndnisses\u201c mit den Ortsverb\u00e4nden in B\u00f6rger und Spahnharrenst\u00e4tte, betonte Vorsitzender Heinz Sandker bei einer Mitgliederversammlung. Laut dieser Vereinbarung ist n\u00e4mlich turnusgem\u00e4\u00df nach jeder Legislaturperiode jeweils ein anderer der drei Ortsverb\u00e4nde an der Reihe, einen [&hellip;]\n","protected":false},"author":2,"featured_media":0,"comment_status":"closed","ping_status":"closed","sticky":false,"template":"","format":"standard","meta":{"ngg_post_thumbnail":0,"footnotes":""},"categories":[3],"tags":[116,639],"class_list":["post-4630","post","type-post","status-publish","format-standard","hentry","category-aktuelles-aus-der-region","tag-cdu","tag-kreistag"],"_links":{"self":[{"href":"https:\/\/www.forum-soegel.de\/information\/wp-json\/wp\/v2\/posts\/4630","targetHints":{"allow":["GET"]}}],"collection":[{"href":"https:\/\/www.forum-soegel.de\/information\/wp-json\/wp\/v2\/posts"}],"about":[{"href":"https:\/\/www.forum-soegel.de\/information\/wp-json\/wp\/v2\/types\/post"}],"author":[{"embeddable":true,"href":"https:\/\/www.forum-soegel.de\/information\/wp-json\/wp\/v2\/users\/2"}],"replies":[{"embeddable":true,"href":"https:\/\/www.forum-soegel.de\/information\/wp-json\/wp\/v2\/comments?post=4630"}],"version-history":[{"count":1,"href":"https:\/\/www.forum-soegel.de\/information\/wp-json\/wp\/v2\/posts\/4630\/revisions"}],"predecessor-version":[{"id":4632,"href":"https:\/\/www.forum-soegel.de\/information\/wp-json\/wp\/v2\/posts\/4630\/revisions\/4632"}],"wp:attachment":[{"href":"https:\/\/www.forum-soegel.de\/information\/wp-json\/wp\/v2\/media?parent=4630"}],"wp:term":[{"taxonomy":"category","embeddable":true,"href":"https:\/\/www.forum-soegel.de\/information\/wp-json\/wp\/v2\/categories?post=4630"},{"taxonomy":"post_tag","embeddable":true,"href":"https:\/\/www.forum-soegel.de\/information\/wp-json\/wp\/v2\/tags?post=4630"}],"curies":[{"name":"wp","href":"https:\/\/api.w.org\/{rel}","templated":true}]}}