{"id":4628,"date":"2011-04-01T00:09:12","date_gmt":"2011-03-31T22:09:12","guid":{"rendered":"https:\/\/www.forum-soegel.de\/information\/?p=4628"},"modified":"2011-03-29T18:12:51","modified_gmt":"2011-03-29T16:12:51","slug":"ehre-wem-ehre-gebuhrt","status":"publish","type":"post","link":"https:\/\/www.forum-soegel.de\/information\/2011\/04\/ehre-wem-ehre-gebuhrt\/","title":{"rendered":"Ehre, wem Ehre geb\u00fchrt!"},"content":{"rendered":"<p>Nachdem sich im letzten Jahr die Frage erhoben hatte, wie man einen gro\u00dfen Sohn S\u00f6gels (Dombaumeister Hensen) w\u00fcrdigen k\u00f6nne, und dies mit einer Ausstellung von Forum, katholischer Kirche und Gemeinde S\u00f6gel unter gro\u00dfem Anklang in die Tat umgesetzt worden war, galt es jetzt, einen weiteren bedeutenden B\u00fcrger S\u00f6gels zu ehren: Levin Sch\u00fccking (6. 9. 1814 \u2013 31. 8. 1883). Er wurde zwar in Meppen geboren, kam aber bereits als Kleinkind mit seinen Eltern nach S\u00f6gel und verbrachte hier Kindheit sowie Teile der Jugend. Man wohnte im Marstall von Schlo\u00df Clemenswerth.<\/p>\n<p>Sch\u00fccking gilt allgemein als Fu\u00dfnote der Literaturgeschichte, haupts\u00e4chlich bekannt als Freund von Annette von Droste-H\u00fclshoff. Da\u00df dies viel zu kurz gegriffen ist, zeigte ein Vortrag des Vorsitzenden der fr\u00fcheren Sch\u00fccking-Gesellschaft, Gerd Gepp. Den Anlass hierzu bildete die Umsetzung eines Sch\u00fccking-Denkmals. Es hatte bisher ein ungest\u00f6rtes Dasein in einem Vorgarten an der Schlaunallee gef\u00fchrt. Von den dortigen H\u00e4usern will sich die Gemeinde S\u00f6gel trennen. Daraus ergab sich eine gl\u00fcckliche F\u00fcgung. Das Denkmal fand eine neue Heimat im politischen Mittelpunkt der Gemeinde S\u00f6gel: vor dem Rathaus, dem Ludmillenhof. Hier lebten Levin Sch\u00fcckings Eltern ab 183o. Am neuen Standort f\u00e4llt der Blick eines jeden Besuchers auf Levins B\u00fcste und ein aufgeschlagenes steinernes Buch seiner Mutter Catharina Busch. Sie war \u2013 ungew\u00f6hnlich f\u00fcr eine Frau der damaligen Zeit \u2013 wie ihr Sohn schriftstellerisch t\u00e4tig.<\/p>\n<p>Im Rathaus wurde am 25. 2. 2011 eine Ausstellung mit vielen Exponaten zu Levin Sch\u00fccking er\u00f6ffnet. Ausstellung, deren Er\u00f6ffnung sowie Neuplacierung des Denkmals lagen in den H\u00e4nden des Forums und der Gemeinde S\u00f6gel. B\u00fcrgermeister Heiner Wellenbrock begr\u00fc\u00dfte die G\u00e4ste und bedankte sich bei Gerd Gepp und Hermann Wichmann sowie Bernd Eggert f\u00fcr deren Einsatz zur Durchf\u00fchrung der Ausstellung. Dank galt auch dem Ensemble Clemenswerth (Raphael Schmitt, Violine, Jan-Lucas Schmitt, Violoncello) f\u00fcr deren musikalische Begleitung. Im Mittelpunkt stand selbstverst\u00e4ndlich der Vortrag von Gerd Gepp unter dem Titel \u201eLevin Sch\u00fccking, ein gro\u00dfer Journalist im 19. Jahrhundert. Seine Kindheit in S\u00f6gel \u2013 ein gefragter Journalist sp\u00e4ter.\u201c Eingangs w\u00fcrdigte er das herausragende Engagement des leider verstorbenen Heinz Thien. Er hatte mit Akribie das ehemalige Sch\u00fccking-Museum in S\u00f6gel aufgebaut. Mit der Darstellung der Biographie Sch\u00fcckings entfaltete Gepp ein Bild unglaublichen Elans. Ca. 200 B\u00fccher und andere Schriften, sieben Jahre erfolgreicher Journalist und Korrespondent, von Kaiser Wilhelm I. gew\u00fcrdigter Einsatz f\u00fcr die Fertigstellung des K\u00f6lner Doms offenbaren eine Schaffenskraft, die in der Literaturgeschichte st\u00e4rker hervorgehoben zu werden verdiente.<\/p>\n<p>Nach dem Vortrag enth\u00fcllten Heinrich Wellenbrock, das Denkmal. Dabei r\u00fcckte Wellenbrock, den Sch\u00f6pfer der B\u00fcste, Albert Radke in den Mittelpunkt weiterer Dankesworte. Anschlie\u00dfend traf man einander im Foyer des Rathauses, um bei kleinen Happen und Getr\u00e4nken die Exponate zu studieren und auf sich wirken zu lassen. \u2013 Alle waren sich einig, dass diese Ausstellung einem Museum zur Ehre gereichte und ein Besucher-Muss w\u00e4re.<\/p>\n<p>B. Eggert, der Vorsitzende des Forums S\u00f6gel, gab dem Verfasser den Hinweis, sich mit Heinz Thien vertraut zu machen. In der Tat haben wir es hier mit einem Talent zu tun, das in seiner Vielseitigkeit an Levin Sch\u00fccking erinnert. Geboren auf dem H\u00fcmmling machten seine Reisen durch Europa, nach Nordafrika und China ihn zu einer erfahrenen Pers\u00f6nlichkeit mit weitgesteckten F\u00e4higkeiten und Interessen. Er fiel auf als Maler, Karikaturist, Satiriker, Journalist, Korrespondent, Autor von B\u00fcchern \u00fcber China, Mitarbeiter von China Daily, Aussteller in mehreren L\u00e4ndern sowie im Emsland. Denn Thien\u00a0 zog es ins Emsland zur\u00fcck. Er schuf unter anderem in S\u00f6gel das mittlerweile geschlossene Sch\u00fccking-Museum. Und nun schlie\u00dft sich der Kreis. B. Eggert und H. Wichmann haben unter gro\u00dfem Einsatz und Ideenreichtum die Exponate des Sch\u00fccking-Museums in die Ausstellung im Ludmillenhof \u00fcbertragen.<\/p>\n<p>Text: Uwe \u00a0M\u00fcller<\/p>\n","protected":false},"excerpt":{"rendered":"Nachdem sich im letzten Jahr die Frage erhoben hatte, wie man einen gro\u00dfen Sohn S\u00f6gels (Dombaumeister Hensen) w\u00fcrdigen k\u00f6nne, und dies mit einer Ausstellung von Forum, katholischer Kirche und Gemeinde S\u00f6gel unter gro\u00dfem Anklang in die Tat umgesetzt worden war, galt es jetzt, einen weiteren bedeutenden B\u00fcrger S\u00f6gels zu ehren: Levin Sch\u00fccking (6. 9. 1814 [&hellip;]\n","protected":false},"author":2,"featured_media":0,"comment_status":"closed","ping_status":"closed","sticky":false,"template":"","format":"standard","meta":{"ngg_post_thumbnail":0,"footnotes":""},"categories":[3],"tags":[629],"class_list":["post-4628","post","type-post","status-publish","format-standard","hentry","category-aktuelles-aus-der-region","tag-schucking"],"_links":{"self":[{"href":"https:\/\/www.forum-soegel.de\/information\/wp-json\/wp\/v2\/posts\/4628","targetHints":{"allow":["GET"]}}],"collection":[{"href":"https:\/\/www.forum-soegel.de\/information\/wp-json\/wp\/v2\/posts"}],"about":[{"href":"https:\/\/www.forum-soegel.de\/information\/wp-json\/wp\/v2\/types\/post"}],"author":[{"embeddable":true,"href":"https:\/\/www.forum-soegel.de\/information\/wp-json\/wp\/v2\/users\/2"}],"replies":[{"embeddable":true,"href":"https:\/\/www.forum-soegel.de\/information\/wp-json\/wp\/v2\/comments?post=4628"}],"version-history":[{"count":2,"href":"https:\/\/www.forum-soegel.de\/information\/wp-json\/wp\/v2\/posts\/4628\/revisions"}],"predecessor-version":[{"id":4795,"href":"https:\/\/www.forum-soegel.de\/information\/wp-json\/wp\/v2\/posts\/4628\/revisions\/4795"}],"wp:attachment":[{"href":"https:\/\/www.forum-soegel.de\/information\/wp-json\/wp\/v2\/media?parent=4628"}],"wp:term":[{"taxonomy":"category","embeddable":true,"href":"https:\/\/www.forum-soegel.de\/information\/wp-json\/wp\/v2\/categories?post=4628"},{"taxonomy":"post_tag","embeddable":true,"href":"https:\/\/www.forum-soegel.de\/information\/wp-json\/wp\/v2\/tags?post=4628"}],"curies":[{"name":"wp","href":"https:\/\/api.w.org\/{rel}","templated":true}]}}