{"id":4564,"date":"2011-03-01T00:43:51","date_gmt":"2011-02-28T23:43:51","guid":{"rendered":"https:\/\/www.forum-soegel.de\/information\/?p=4564"},"modified":"2011-02-27T14:45:58","modified_gmt":"2011-02-27T13:45:58","slug":"hatten-sie%c2%b4s-gewusst%e2%80%a6","status":"publish","type":"post","link":"https:\/\/www.forum-soegel.de\/information\/2011\/03\/hatten-sie%c2%b4s-gewusst%e2%80%a6\/","title":{"rendered":"H\u00e4tten Sie\u00b4s gewusst\u2026?"},"content":{"rendered":"<p>In dieser Ausgabe m\u00f6chten wir Ihnen die Bedeutung des Stra\u00dfennamens \u201evon-Arenberg-Strasse\u201c erl\u00e4utern.<\/p>\n<p>Nach dem Ende des Heiligen R\u00f6mischen Reichs Deutscher Nation wurden im Reichsdeputationshauptschluss 1803 gro\u00dfe Teile des s\u00e4kularisierten Niederstifts M\u00fcnster, in dem S\u00f6gel lag, dem Herzoghaus Arenberg zugesprochen.<\/p>\n<p>In ihrem Besitz stand f\u00fcr 165 Jahre unter anderem das Jagdschloss Clemenswerth, das sie zeitweise bewohnten und bis zur Besitz\u00fcbernahme durch den Landkreis Emsland stetig umbauten, sanierten und so den Erhalt der barocken Schlossanlage sicherten.<\/p>\n<p>Und, h\u00e4tten Sie\u00b4s gewusst?<\/p>\n<p>Text: MH Quelle: u.a. Meike L\u00fccken<\/p>\n","protected":false},"excerpt":{"rendered":"In dieser Ausgabe m\u00f6chten wir Ihnen die Bedeutung des Stra\u00dfennamens \u201evon-Arenberg-Strasse\u201c erl\u00e4utern. Nach dem Ende des Heiligen R\u00f6mischen Reichs Deutscher Nation wurden im Reichsdeputationshauptschluss 1803 gro\u00dfe Teile des s\u00e4kularisierten Niederstifts M\u00fcnster, in dem S\u00f6gel lag, dem Herzoghaus Arenberg zugesprochen. In ihrem Besitz stand f\u00fcr 165 Jahre unter anderem das Jagdschloss Clemenswerth, das sie zeitweise bewohnten [&hellip;]\n","protected":false},"author":2,"featured_media":0,"comment_status":"closed","ping_status":"closed","sticky":false,"template":"","format":"standard","meta":{"ngg_post_thumbnail":0,"footnotes":""},"categories":[9],"tags":[619],"class_list":["post-4564","post","type-post","status-publish","format-standard","hentry","category-vergangenheit-und-gegenwart","tag-arenberg"],"_links":{"self":[{"href":"https:\/\/www.forum-soegel.de\/information\/wp-json\/wp\/v2\/posts\/4564","targetHints":{"allow":["GET"]}}],"collection":[{"href":"https:\/\/www.forum-soegel.de\/information\/wp-json\/wp\/v2\/posts"}],"about":[{"href":"https:\/\/www.forum-soegel.de\/information\/wp-json\/wp\/v2\/types\/post"}],"author":[{"embeddable":true,"href":"https:\/\/www.forum-soegel.de\/information\/wp-json\/wp\/v2\/users\/2"}],"replies":[{"embeddable":true,"href":"https:\/\/www.forum-soegel.de\/information\/wp-json\/wp\/v2\/comments?post=4564"}],"version-history":[{"count":1,"href":"https:\/\/www.forum-soegel.de\/information\/wp-json\/wp\/v2\/posts\/4564\/revisions"}],"predecessor-version":[{"id":4565,"href":"https:\/\/www.forum-soegel.de\/information\/wp-json\/wp\/v2\/posts\/4564\/revisions\/4565"}],"wp:attachment":[{"href":"https:\/\/www.forum-soegel.de\/information\/wp-json\/wp\/v2\/media?parent=4564"}],"wp:term":[{"taxonomy":"category","embeddable":true,"href":"https:\/\/www.forum-soegel.de\/information\/wp-json\/wp\/v2\/categories?post=4564"},{"taxonomy":"post_tag","embeddable":true,"href":"https:\/\/www.forum-soegel.de\/information\/wp-json\/wp\/v2\/tags?post=4564"}],"curies":[{"name":"wp","href":"https:\/\/api.w.org\/{rel}","templated":true}]}}