{"id":4524,"date":"2011-03-01T00:02:07","date_gmt":"2011-02-28T23:02:07","guid":{"rendered":"https:\/\/www.forum-soegel.de\/information\/?p=4524"},"modified":"2011-02-27T13:07:47","modified_gmt":"2011-02-27T12:07:47","slug":"hedwig-fust-sanders-bleibt-vorsitzende-des-forderkreises-%e2%80%9ehuvener-muhle%e2%80%9c-generalversammlung-%e2%80%93-volles-programm-fur-2011-%e2%80%93","status":"publish","type":"post","link":"https:\/\/www.forum-soegel.de\/information\/2011\/03\/hedwig-fust-sanders-bleibt-vorsitzende-des-forderkreises-%e2%80%9ehuvener-muhle%e2%80%9c-generalversammlung-%e2%80%93-volles-programm-fur-2011-%e2%80%93\/","title":{"rendered":"Hedwig Fust-Sanders bleibt Vorsitzende des F\u00f6rderkreises \u201eH\u00fcvener M\u00fchle\u201c Generalversammlung \u2013 Volles Programm f\u00fcr 2011 \u2013"},"content":{"rendered":"<p>Seit Gr\u00fcndung des F\u00f6rderkreises \u201eH\u00fcvener M\u00fchle\u201c im Jahre 2002 leitet Hedwig Fust-Sanders diesen Verein mit gro\u00dfem Erfolg. Als sie nun zur Wahl anstand, wurde sie erwartungsgem\u00e4\u00df einstimmig in ihrem Vorsitzendenamt best\u00e4tigt. Die Versammlung dr\u00fcckte ihre Zufriedenheit und ihren Dank mit einem lang anhaltenden kr\u00e4ftigen Applaus aus.<\/p>\n<p>In ihren \u00c4mtern wurden ebenso best\u00e4tigt die Kassenwartin Christa Hannok und der 2. Beisitzer Friedhelm Kr\u00fc\u00dfel. &#8211; Aus dem R\u00fcckblick der Vorsitzenden ging hervor, dass die Mitgliederzahl jetzt 153 betrage und der Vorstand weiter daran arbeite, langfristig die 200-er Marke zu erreichen. Jede Neuwerbung werde mit einem Essen im Restaurant \u201eH\u00fcvener M\u00fchle\u201c belohnt. Zu den Besucherzahlen f\u00fchrte Hedwig Fust-Sanders aus, dass diese leider r\u00fcckl\u00e4ufig gewesen seien, man hoffe aber f\u00fcr 2011 auf eine steigende Tendenz. Hervorzuheben seien die gut besuchten F\u00fchrungen f\u00fcr Schulkinder, die F\u00fchrungen \u201eM\u00fchle und Megalith\u201c und die Fackelf\u00fchrungen.<\/p>\n<p>Die insgesamt acht Mahltage h\u00e4tten ein unterschiedliches Echo gefunden. Mal seien sie \u00fcberdurchschnittlich gut besucht gewesen, mal h\u00e4tten sich nur wenige Besucher eingefunden. Eine H\u00e4lfte des M\u00fchlenteiches habe der F\u00f6rderkreis mit Hilfe des Wasser- und Bodenverbandes und ortsans\u00e4ssiger Landwirte ausgehoben, um so die Flie\u00dfgeschwindigkeit zu verbessern. Die Erneuerung der Kl\u00e4ranlage habe man mit starker Unterst\u00fctzung der Samtgemeinde S\u00f6gel abschlie\u00dfen k\u00f6nnen.<\/p>\n<p>Der Terminkalender f\u00fcr das laufende Jahr verdeutlicht, wie r\u00fchrig der F\u00f6rderkreis ist. Der Auftakt erfolgt zu Ostern mit dem Ostereiersuchen und dem Brotverkauf. Pfingstmontag wird ein \u201eOpen-Air-Gottesdienst\u201c auf dem M\u00fchlengel\u00e4nde gefeiert. Gemahlen wird mit Wind- und Wasserkraft und die musikalische Umrahmung erfolgt durch die H\u00fcvener Musikkapelle. Von April bis Oktober wird jeden zweiten Sonntag im Monat gemahlen. F\u00fchrungen finden k\u00fcnftig auch in plattdeutscher und englischer Sprache statt. Neu ist ebenfalls, dass eine M\u00fcllers frau F\u00fchrungen \u00fcbernimmt. &#8211; Die Vorsitzende bedankte sich bei dem gro\u00dfen Helferkreis, der in vielen ehrenamtlichen Stunden den Erfolg des F\u00f6rderkreises begr\u00fcnde. Die Arbeit bringe viel Spa\u00df mit sich und wenn im kommenden Jahr zehnj\u00e4hriges Bestehen gefeiert werden k\u00f6nne, wolle man dieses in geb\u00fchrender Weise tun.<\/p>\n<p>Ausf\u00fchrlich stellte Karl Nortmann die Arbeit der sechs M\u00fcller vor und Rita Kr\u00fcssel rief die Eins\u00e4tze der G\u00e4stef\u00fchrerinnen in Erinnerung. Samtgemeindeb\u00fcrgermeister G\u00fcnther Wigbers lobte die Arbeit des F\u00f6rderkreises und hob die gro\u00dfe Bedeutung des historischen Baudenkmals \u201eH\u00fcvener M\u00fchle\u201c hervor. Der ganze Ort stehe hinter diesem Objekt, das die B\u00fcrger immer wieder zu neuen Leistungen motiviere. Die gute Gastronomie durch den ortsans\u00e4ssigen Alfons Kohne trage wesentlich zur guten Gesamtentwicklung bei. Allen am Erfolg beteiligten Personen geb\u00fchre gro\u00dfer Dank und gro\u00dfe Anerkennung.<\/p>\n<p>Text: IC Foto: Thekla Brinker<\/p>\n<p><span style=\"text-decoration: underline;\">Vereinsportr\u00e4t:<\/span><\/p>\n<p>Name: F\u00f6rderkreis \u201eH\u00fcvener M\u00fchle\u201c<\/p>\n<p>Gegr\u00fcndet: 2002<\/p>\n<p>Mitglieder: 153<\/p>\n<p>Vorsitzende: Hedwig Fust-Sanders<\/p>\n<p>Telefon: 04964-226<\/p>\n<p>Abteilungen: G\u00e4stef\u00fchrerinnen \u00a0und M\u00fcllerteam<\/p>\n<div id=\"attachment_4525\" style=\"width: 310px\" class=\"wp-caption alignnone\"><a href=\"https:\/\/www.forum-soegel.de\/information\/wp-content\/uploads\/2011\/02\/Fust-Sanders.jpg\"><img loading=\"lazy\" decoding=\"async\" aria-describedby=\"caption-attachment-4525\" class=\"size-medium wp-image-4525\" title=\"Fust-Sanders\" src=\"https:\/\/www.forum-soegel.de\/information\/wp-content\/uploads\/2011\/02\/Fust-Sanders-300x225.jpg\" alt=\"\" width=\"300\" height=\"225\" srcset=\"https:\/\/www.forum-soegel.de\/information\/wp-content\/uploads\/2011\/02\/Fust-Sanders-300x225.jpg 300w, https:\/\/www.forum-soegel.de\/information\/wp-content\/uploads\/2011\/02\/Fust-Sanders.jpg 1024w\" sizes=\"auto, (max-width: 300px) 100vw, 300px\" \/><\/a><p id=\"caption-attachment-4525\" class=\"wp-caption-text\">Der Vorstands des F\u00f6rderkreises \u201eH\u00fcvener M\u00fchle\u201c startet guten Mutes in die neue Saison: stehend von links Karl Nortmann, Christa Hannok, Friedhelm Kr\u00fc\u00dfel, Hedwig Fust-Sanders und Wilhelm Geers. Sitzend ist Ines Rump zu sehen.<\/p><\/div>\n","protected":false},"excerpt":{"rendered":"Seit Gr\u00fcndung des F\u00f6rderkreises \u201eH\u00fcvener M\u00fchle\u201c im Jahre 2002 leitet Hedwig Fust-Sanders diesen Verein mit gro\u00dfem Erfolg. Als sie nun zur Wahl anstand, wurde sie erwartungsgem\u00e4\u00df einstimmig in ihrem Vorsitzendenamt best\u00e4tigt. Die Versammlung dr\u00fcckte ihre Zufriedenheit und ihren Dank mit einem lang anhaltenden kr\u00e4ftigen Applaus aus. In ihren \u00c4mtern wurden ebenso best\u00e4tigt die Kassenwartin Christa [&hellip;]\n","protected":false},"author":2,"featured_media":0,"comment_status":"closed","ping_status":"closed","sticky":false,"template":"","format":"standard","meta":{"ngg_post_thumbnail":0,"footnotes":""},"categories":[5],"tags":[616,615],"class_list":["post-4524","post","type-post","status-publish","format-standard","hentry","category-was-machen-die-vereine","tag-forderkreis-huvener-muhle","tag-huvener-muhle"],"_links":{"self":[{"href":"https:\/\/www.forum-soegel.de\/information\/wp-json\/wp\/v2\/posts\/4524","targetHints":{"allow":["GET"]}}],"collection":[{"href":"https:\/\/www.forum-soegel.de\/information\/wp-json\/wp\/v2\/posts"}],"about":[{"href":"https:\/\/www.forum-soegel.de\/information\/wp-json\/wp\/v2\/types\/post"}],"author":[{"embeddable":true,"href":"https:\/\/www.forum-soegel.de\/information\/wp-json\/wp\/v2\/users\/2"}],"replies":[{"embeddable":true,"href":"https:\/\/www.forum-soegel.de\/information\/wp-json\/wp\/v2\/comments?post=4524"}],"version-history":[{"count":3,"href":"https:\/\/www.forum-soegel.de\/information\/wp-json\/wp\/v2\/posts\/4524\/revisions"}],"predecessor-version":[{"id":4528,"href":"https:\/\/www.forum-soegel.de\/information\/wp-json\/wp\/v2\/posts\/4524\/revisions\/4528"}],"wp:attachment":[{"href":"https:\/\/www.forum-soegel.de\/information\/wp-json\/wp\/v2\/media?parent=4524"}],"wp:term":[{"taxonomy":"category","embeddable":true,"href":"https:\/\/www.forum-soegel.de\/information\/wp-json\/wp\/v2\/categories?post=4524"},{"taxonomy":"post_tag","embeddable":true,"href":"https:\/\/www.forum-soegel.de\/information\/wp-json\/wp\/v2\/tags?post=4524"}],"curies":[{"name":"wp","href":"https:\/\/api.w.org\/{rel}","templated":true}]}}