{"id":4517,"date":"2011-03-01T00:56:32","date_gmt":"2011-02-28T23:56:32","guid":{"rendered":"https:\/\/www.forum-soegel.de\/information\/?p=4517"},"modified":"2011-02-27T13:00:59","modified_gmt":"2011-02-27T12:00:59","slug":"sogeler-karnevalssaison-mit-dem-kappenfest-eroffnet","status":"publish","type":"post","link":"https:\/\/www.forum-soegel.de\/information\/2011\/03\/sogeler-karnevalssaison-mit-dem-kappenfest-eroffnet\/","title":{"rendered":"S\u00f6geler Karnevalssaison mit dem Kappenfest er\u00f6ffnet"},"content":{"rendered":"<p>Am 22.01 im Jahre 2011 um 20 Uhr 11 er\u00f6ffnete der Vorsitzende der Kolpingfamilie S\u00f6gel -Stavern, Karl-Heinz Kenning, die S\u00f6geler Karnevalssaison mit dem allj\u00e4hrigen Kappenfest.<\/p>\n<p>Seit 25 Jahren ist es gute Tradition, dass die Karnevalssitzungen der Kolpingkapelle von einem Prinzenpaar begleitet wird. Daher waren alle ehemaligen Prinzenpaare eingeladen, in diesem Jahr den Elferrat zu stellen.<\/p>\n<p>Mit Begeisterung waren diese in \u00fcbergro\u00dfer Anzahl der Einladung gefolgt.<\/p>\n<p>So gestalteten sie gekonnt und humorvoll den Beginn des Kappenfestes und proklamierten das neue Prinzenpaar: Prinz Hermann und Ihre Lieblichkeit, Prinzessin Beate (Bunten).<br \/>\nMit viel Spa\u00df und guter Stimmung wurde noch bis sp\u00e4t in die Nacht hinein auf dem sehr gut besuchten Fest gefeiert.<br \/>\nDas S\u00f6geler Kappenfest war auch diesmal wieder eine rundum gelungene Veranstaltung. Schade f\u00fcr den, der nicht dabei war.<\/p>\n<p>Aber im n\u00e4chsten Jahr gibt es sicherlich wieder ein Kappenfest.<\/p>\n<p>Text\/Foto: Karl-Heinz Kenning<\/p>\n<p><a href=\"https:\/\/www.forum-soegel.de\/information\/wp-content\/uploads\/2011\/02\/Kappe1.jpg\"><img loading=\"lazy\" decoding=\"async\" class=\"alignnone size-thumbnail wp-image-4518\" title=\"Kappe1\" src=\"https:\/\/www.forum-soegel.de\/information\/wp-content\/uploads\/2011\/02\/Kappe1-150x150.jpg\" alt=\"\" width=\"150\" height=\"150\" \/><\/a>\u00a0 <a href=\"https:\/\/www.forum-soegel.de\/information\/wp-content\/uploads\/2011\/02\/Kappe2.jpg\"><img loading=\"lazy\" decoding=\"async\" class=\"alignnone size-thumbnail wp-image-4519\" title=\"Kappe2\" src=\"https:\/\/www.forum-soegel.de\/information\/wp-content\/uploads\/2011\/02\/Kappe2-150x150.jpg\" alt=\"\" width=\"150\" height=\"150\" \/><\/a><\/p>\n<p><a href=\"https:\/\/www.forum-soegel.de\/information\/wp-content\/uploads\/2011\/02\/Kappe3.jpg\"><img loading=\"lazy\" decoding=\"async\" class=\"alignnone size-thumbnail wp-image-4520\" title=\"Kappe3\" src=\"https:\/\/www.forum-soegel.de\/information\/wp-content\/uploads\/2011\/02\/Kappe3-150x150.jpg\" alt=\"\" width=\"150\" height=\"150\" \/><\/a>\u00a0 <a href=\"https:\/\/www.forum-soegel.de\/information\/wp-content\/uploads\/2011\/02\/Kappe4.jpg\"><img loading=\"lazy\" decoding=\"async\" class=\"alignnone size-thumbnail wp-image-4521\" title=\"Kappe4\" src=\"https:\/\/www.forum-soegel.de\/information\/wp-content\/uploads\/2011\/02\/Kappe4-150x150.jpg\" alt=\"\" width=\"150\" height=\"150\" \/><\/a><\/p>\n","protected":false},"excerpt":{"rendered":"Am 22.01 im Jahre 2011 um 20 Uhr 11 er\u00f6ffnete der Vorsitzende der Kolpingfamilie S\u00f6gel -Stavern, Karl-Heinz Kenning, die S\u00f6geler Karnevalssaison mit dem allj\u00e4hrigen Kappenfest. Seit 25 Jahren ist es gute Tradition, dass die Karnevalssitzungen der Kolpingkapelle von einem Prinzenpaar begleitet wird. Daher waren alle ehemaligen Prinzenpaare eingeladen, in diesem Jahr den Elferrat zu stellen. [&hellip;]\n","protected":false},"author":2,"featured_media":0,"comment_status":"closed","ping_status":"closed","sticky":false,"template":"","format":"standard","meta":{"ngg_post_thumbnail":0,"footnotes":""},"categories":[5],"tags":[193,222,58],"class_list":["post-4517","post","type-post","status-publish","format-standard","hentry","category-was-machen-die-vereine","tag-kappenfest","tag-karneval","tag-kolpingfamilie"],"_links":{"self":[{"href":"https:\/\/www.forum-soegel.de\/information\/wp-json\/wp\/v2\/posts\/4517","targetHints":{"allow":["GET"]}}],"collection":[{"href":"https:\/\/www.forum-soegel.de\/information\/wp-json\/wp\/v2\/posts"}],"about":[{"href":"https:\/\/www.forum-soegel.de\/information\/wp-json\/wp\/v2\/types\/post"}],"author":[{"embeddable":true,"href":"https:\/\/www.forum-soegel.de\/information\/wp-json\/wp\/v2\/users\/2"}],"replies":[{"embeddable":true,"href":"https:\/\/www.forum-soegel.de\/information\/wp-json\/wp\/v2\/comments?post=4517"}],"version-history":[{"count":2,"href":"https:\/\/www.forum-soegel.de\/information\/wp-json\/wp\/v2\/posts\/4517\/revisions"}],"predecessor-version":[{"id":4523,"href":"https:\/\/www.forum-soegel.de\/information\/wp-json\/wp\/v2\/posts\/4517\/revisions\/4523"}],"wp:attachment":[{"href":"https:\/\/www.forum-soegel.de\/information\/wp-json\/wp\/v2\/media?parent=4517"}],"wp:term":[{"taxonomy":"category","embeddable":true,"href":"https:\/\/www.forum-soegel.de\/information\/wp-json\/wp\/v2\/categories?post=4517"},{"taxonomy":"post_tag","embeddable":true,"href":"https:\/\/www.forum-soegel.de\/information\/wp-json\/wp\/v2\/tags?post=4517"}],"curies":[{"name":"wp","href":"https:\/\/api.w.org\/{rel}","templated":true}]}}