{"id":451,"date":"2010-01-01T15:06:58","date_gmt":"2010-01-01T13:06:58","guid":{"rendered":"https:\/\/www.forum-soegel.de\/information\/?p=451"},"modified":"2010-03-30T09:54:15","modified_gmt":"2010-03-30T07:54:15","slug":"adventsbasar-spahnharrenstatte","status":"publish","type":"post","link":"https:\/\/www.forum-soegel.de\/information\/2010\/01\/adventsbasar-spahnharrenstatte\/","title":{"rendered":"Adventsbasar Spahnharrenst\u00e4tte"},"content":{"rendered":"<p><!-- \t\t@page { margin: 2cm } \t\tP { margin-bottom: 0.21cm } --><span style=\"font-family: Arial,sans-serif;\"><span style=\"font-size: x-small;\">Viele Besucher kamen am 1.Adventssonntag (29.11.09) in L\u00fcns Hus. Die Basargruppe der Frauengemeinschaft hatte &#8211; wie jedes Jahr &#8211; den Saal weihnachtlich geschm\u00fcckt. <\/span><\/span><span style=\"font-family: Arial,sans-serif;\"><span style=\"font-size: x-small;\">W\u00e4hrend des Verkaufs liebevoll hergestellter Weihnachtsgeschenke konnte man sich bei Kaffee und Kuchen ausruhen. Eine umfangreiche Buchausstellung interessierte ebenfalls gro\u00dfe und kleine Besucher gleicherma\u00dfen. \u00dcber 2000 Euro Erl\u00f6s entsch\u00e4digt f\u00fcr die vielen Stunden flei\u00dfiger Arbeit der Mitglieder der Basargruppe. Ein Dank gilt auch den Frauen, die leckere Torten gebacken und gespendet hatten. <\/span><\/span><span style=\"font-family: Arial,sans-serif;\"><span style=\"font-size: x-small;\">Jetzt kann wieder mit Zusch\u00fcssen geholfen werden, die Not von Kindern in der Dritten einwenig zu lindern.<\/span><\/span><\/p>\n<p><span style=\"font-family: Arial,sans-serif;\"><span style=\"font-size: xx-small;\">Text\/Foto: Willi Wigbers, Vereine Spahnharrenst\u00e4tte<\/span><\/span><\/p>\n<p><span style=\"font-family: Arial,sans-serif;\"><span style=\"font-size: xx-small;\"><a href=\"https:\/\/www.forum-soegel.de\/information\/wp-content\/uploads\/2010\/01\/Adventbasar1.jpg\"><img loading=\"lazy\" decoding=\"async\" class=\"alignnone size-medium wp-image-806\" title=\"Adventbasar1\" src=\"https:\/\/www.forum-soegel.de\/information\/wp-content\/uploads\/2010\/01\/Adventbasar1-300x225.jpg\" alt=\"\" width=\"180\" height=\"135\" srcset=\"https:\/\/www.forum-soegel.de\/information\/wp-content\/uploads\/2010\/01\/Adventbasar1-300x225.jpg 300w, https:\/\/www.forum-soegel.de\/information\/wp-content\/uploads\/2010\/01\/Adventbasar1.jpg 480w\" sizes=\"auto, (max-width: 180px) 100vw, 180px\" \/><\/a>\u00a0 <a href=\"https:\/\/www.forum-soegel.de\/information\/wp-content\/uploads\/2010\/01\/Adventbasar2.jpg\"><img loading=\"lazy\" decoding=\"async\" class=\"alignnone size-medium wp-image-808\" title=\"Adventbasar2\" src=\"https:\/\/www.forum-soegel.de\/information\/wp-content\/uploads\/2010\/01\/Adventbasar2-300x225.jpg\" alt=\"\" width=\"180\" height=\"135\" srcset=\"https:\/\/www.forum-soegel.de\/information\/wp-content\/uploads\/2010\/01\/Adventbasar2-300x225.jpg 300w, https:\/\/www.forum-soegel.de\/information\/wp-content\/uploads\/2010\/01\/Adventbasar2.jpg 480w\" sizes=\"auto, (max-width: 180px) 100vw, 180px\" \/><\/a><\/span><\/span><\/p>\n","protected":false},"excerpt":{"rendered":"Viele Besucher kamen am 1.Adventssonntag (29.11.09) in L\u00fcns Hus. Die Basargruppe der Frauengemeinschaft hatte &#8211; wie jedes Jahr &#8211; den Saal weihnachtlich geschm\u00fcckt. W\u00e4hrend des Verkaufs liebevoll hergestellter Weihnachtsgeschenke konnte man sich bei Kaffee und Kuchen ausruhen. Eine umfangreiche Buchausstellung interessierte ebenfalls gro\u00dfe und kleine Besucher gleicherma\u00dfen. \u00dcber 2000 Euro Erl\u00f6s entsch\u00e4digt f\u00fcr die vielen [&hellip;]\n","protected":false},"author":1,"featured_media":0,"comment_status":"closed","ping_status":"closed","sticky":false,"template":"","format":"standard","meta":{"ngg_post_thumbnail":0,"footnotes":""},"categories":[3],"tags":[112],"class_list":["post-451","post","type-post","status-publish","format-standard","hentry","category-aktuelles-aus-der-region","tag-adventsbasar"],"_links":{"self":[{"href":"https:\/\/www.forum-soegel.de\/information\/wp-json\/wp\/v2\/posts\/451","targetHints":{"allow":["GET"]}}],"collection":[{"href":"https:\/\/www.forum-soegel.de\/information\/wp-json\/wp\/v2\/posts"}],"about":[{"href":"https:\/\/www.forum-soegel.de\/information\/wp-json\/wp\/v2\/types\/post"}],"author":[{"embeddable":true,"href":"https:\/\/www.forum-soegel.de\/information\/wp-json\/wp\/v2\/users\/1"}],"replies":[{"embeddable":true,"href":"https:\/\/www.forum-soegel.de\/information\/wp-json\/wp\/v2\/comments?post=451"}],"version-history":[{"count":5,"href":"https:\/\/www.forum-soegel.de\/information\/wp-json\/wp\/v2\/posts\/451\/revisions"}],"predecessor-version":[{"id":807,"href":"https:\/\/www.forum-soegel.de\/information\/wp-json\/wp\/v2\/posts\/451\/revisions\/807"}],"wp:attachment":[{"href":"https:\/\/www.forum-soegel.de\/information\/wp-json\/wp\/v2\/media?parent=451"}],"wp:term":[{"taxonomy":"category","embeddable":true,"href":"https:\/\/www.forum-soegel.de\/information\/wp-json\/wp\/v2\/categories?post=451"},{"taxonomy":"post_tag","embeddable":true,"href":"https:\/\/www.forum-soegel.de\/information\/wp-json\/wp\/v2\/tags?post=451"}],"curies":[{"name":"wp","href":"https:\/\/api.w.org\/{rel}","templated":true}]}}