{"id":4508,"date":"2011-03-01T00:46:08","date_gmt":"2011-02-28T23:46:08","guid":{"rendered":"https:\/\/www.forum-soegel.de\/information\/?p=4508"},"modified":"2011-02-27T12:49:54","modified_gmt":"2011-02-27T11:49:54","slug":"klaus-berning-gmbh-aus-lingen-eroffnet-niederlassung-in-sogel","status":"publish","type":"post","link":"https:\/\/www.forum-soegel.de\/information\/2011\/03\/klaus-berning-gmbh-aus-lingen-eroffnet-niederlassung-in-sogel\/","title":{"rendered":"Klaus Berning GmbH  aus Lingen er\u00f6ffnet Niederlassung in S\u00f6gel"},"content":{"rendered":"<p>Am 01.02.2011 hat die Klaus Berning GmbH aus Lingen eine Niederlassung in S\u00f6gel, General-Clay-Stra\u00dfe 11, er\u00f6ffnet.<\/p>\n<p>Mit einem \u201eTag der offenen T\u00fcr\u201c, der am 05.02.2011 statt fand, wurde allen Interessierten die Gelegenheit gegeben, sich die R\u00e4umlichkeiten anzusehen und die Personen, die dahinter stehen, pers\u00f6nlich kennen zu lernen.<\/p>\n<p>An dem Tag wurde \u00fcber die Angebotspalette und den Service, zu dem u. a. auch ein Hol- u. Bring dienst von Fahrzeugen geh\u00f6rt, informiert.<\/p>\n<p>In dem modern ausgestatteten Handwerksbetrieb stehen z. Zt. zwei Mitarbeiter mit langj\u00e4hriger Berufserfahrung den Kunden, zu denen Privatkunden ebenso wie Autowerkst\u00e4tten z\u00e4hlen, zur Verf\u00fcgung.<\/p>\n<p>Zum Leistungsspektrum der Niederlassung S\u00f6gel z\u00e4hlen die bekannte und bew\u00e4hrte Palette im Bereich Fahrzeuglackierung einschlie\u00dflich Fahrzeugaufbereitung. Die Bereiche Industrielackierung, Werbetechnik, Sandstrahlen werden allerdings durch die Klaus Berning GmbH aus Lingen und die Aloys T\u00fcns GmbH aus Hasel\u00fcnne, die im Unternehmensverbund zusammenarbeiten, ausgef\u00fchrt.<\/p>\n<p>Unsere Gesch\u00e4ftszeiten: Montag \u2013 Freitag von 07.30 Uhr bis 17.00 Uhr und nach Vereinbarung.<\/p>\n<p>Unsere Kontaktdaten: Klaus Berning GmbH Niederlassung S\u00f6gel, General-Clay-Stra\u00dfe 11, 49751 S\u00f6gel &#8211; Tel. 05952\/9683398\u00a0 Fax 05952\/9698634<\/p>\n<p>Mobil\u00a0\u00a0\u00a0 0151-54995118<\/p>\n<p>eMail: info@berning-lackierung.de<\/p>\n<p>Weitere Informationen \u00fcber uns erhalten Sie auf unserer Internetpr\u00e4sentation unter <a href=\"https:\/\/www.berning-lackierung.de\">www.berning-lackierung.de<\/a><\/p>\n<p>\u00a0\u00a0\u00a0\u00a0\u00a0\u00a0\u00a0\u00a0\u00a0\u00a0\u00a0\u00a0\u00a0\u00a0\u00a0\u00a0\u00a0\u00a0\u00a0\u00a0\u00a0\u00a0\u00a0\u00a0\u00a0\u00a0\u00a0\u00a0\u00a0\u00a0\u00a0\u00a0\u00a0\u00a0\u00a0\u00a0\u00a0\u00a0\u00a0\u00a0\u00a0\u00a0\u00a0\u00a0\u00a0\u00a0 <strong>Wir bringen <span style=\"color: #339966;\">F<\/span> <span style=\"color: #ff0000;\">A<\/span><span style=\"color: #000080;\"> R<\/span> <span style=\"color: #008000;\">B<\/span> <span style=\"color: #ff99cc;\">E<\/span> ins Emsland!<\/strong><\/p>\n<p>Text\/Foto: IC<\/p>\n<div id=\"attachment_4509\" style=\"width: 310px\" class=\"wp-caption alignnone\"><a href=\"https:\/\/www.forum-soegel.de\/information\/wp-content\/uploads\/2011\/02\/Berning.jpg\"><img loading=\"lazy\" decoding=\"async\" aria-describedby=\"caption-attachment-4509\" class=\"size-medium wp-image-4509\" title=\"Berning\" src=\"https:\/\/www.forum-soegel.de\/information\/wp-content\/uploads\/2011\/02\/Berning-300x200.jpg\" alt=\"\" width=\"300\" height=\"200\" srcset=\"https:\/\/www.forum-soegel.de\/information\/wp-content\/uploads\/2011\/02\/Berning-300x200.jpg 300w, https:\/\/www.forum-soegel.de\/information\/wp-content\/uploads\/2011\/02\/Berning.jpg 1024w\" sizes=\"auto, (max-width: 300px) 100vw, 300px\" \/><\/a><p id=\"caption-attachment-4509\" class=\"wp-caption-text\">Zu den Gratulanten geh\u00f6rten u. a. Herr Jelges (Handel- u. Gewerbeverein) und Herr Wigbers (Samtgemeideb\u00fcrgermeister)<\/p><\/div>\n","protected":false},"excerpt":{"rendered":"Am 01.02.2011 hat die Klaus Berning GmbH aus Lingen eine Niederlassung in S\u00f6gel, General-Clay-Stra\u00dfe 11, er\u00f6ffnet. Mit einem \u201eTag der offenen T\u00fcr\u201c, der am 05.02.2011 statt fand, wurde allen Interessierten die Gelegenheit gegeben, sich die R\u00e4umlichkeiten anzusehen und die Personen, die dahinter stehen, pers\u00f6nlich kennen zu lernen. An dem Tag wurde \u00fcber die Angebotspalette und [&hellip;]\n","protected":false},"author":2,"featured_media":0,"comment_status":"closed","ping_status":"closed","sticky":false,"template":"","format":"standard","meta":{"ngg_post_thumbnail":0,"footnotes":""},"categories":[4],"tags":[614],"class_list":["post-4508","post","type-post","status-publish","format-standard","hentry","category-aus-der-geschaftswelt","tag-lackierung"],"_links":{"self":[{"href":"https:\/\/www.forum-soegel.de\/information\/wp-json\/wp\/v2\/posts\/4508","targetHints":{"allow":["GET"]}}],"collection":[{"href":"https:\/\/www.forum-soegel.de\/information\/wp-json\/wp\/v2\/posts"}],"about":[{"href":"https:\/\/www.forum-soegel.de\/information\/wp-json\/wp\/v2\/types\/post"}],"author":[{"embeddable":true,"href":"https:\/\/www.forum-soegel.de\/information\/wp-json\/wp\/v2\/users\/2"}],"replies":[{"embeddable":true,"href":"https:\/\/www.forum-soegel.de\/information\/wp-json\/wp\/v2\/comments?post=4508"}],"version-history":[{"count":1,"href":"https:\/\/www.forum-soegel.de\/information\/wp-json\/wp\/v2\/posts\/4508\/revisions"}],"predecessor-version":[{"id":4510,"href":"https:\/\/www.forum-soegel.de\/information\/wp-json\/wp\/v2\/posts\/4508\/revisions\/4510"}],"wp:attachment":[{"href":"https:\/\/www.forum-soegel.de\/information\/wp-json\/wp\/v2\/media?parent=4508"}],"wp:term":[{"taxonomy":"category","embeddable":true,"href":"https:\/\/www.forum-soegel.de\/information\/wp-json\/wp\/v2\/categories?post=4508"},{"taxonomy":"post_tag","embeddable":true,"href":"https:\/\/www.forum-soegel.de\/information\/wp-json\/wp\/v2\/tags?post=4508"}],"curies":[{"name":"wp","href":"https:\/\/api.w.org\/{rel}","templated":true}]}}