{"id":4485,"date":"2011-03-01T00:25:20","date_gmt":"2011-02-28T23:25:20","guid":{"rendered":"https:\/\/www.forum-soegel.de\/information\/?p=4485"},"modified":"2011-02-27T12:27:55","modified_gmt":"2011-02-27T11:27:55","slug":"emslandmuseum-schloss-clemenswerth-bietet-2011-mehr-als-70-veranstaltungen","status":"publish","type":"post","link":"https:\/\/www.forum-soegel.de\/information\/2011\/03\/emslandmuseum-schloss-clemenswerth-bietet-2011-mehr-als-70-veranstaltungen\/","title":{"rendered":"Emslandmuseum-Schloss Clemenswerth bietet 2011 mehr als 70 Veranstaltungen"},"content":{"rendered":"<p>Museumsdirektor Oliver Fok und seine Assistentin\u00a0 Ramona Krons stellten den diesj\u00e4hrigen Veranstaltungskalender vor.<\/p>\n<p>Das Programm umfasst mehr als 70 Veranstaltungen und ist, wie man sich auf den 32 Seiten beeindrucken lassen kann, gegen\u00fcber dem Vorjahr um viele neue Angebote erg\u00e4nzt worden.<\/p>\n<p>In einer Auflagenh\u00f6he von 60.000 St\u00fcck bietet der damit f\u00fcr jeden verf\u00fcgbare Veranstaltungskalender nicht nur eine \u00dcbersicht \u00fcber die Termine, sondern ist zugleich eine Imagebrosch\u00fcre des Hauses.<\/p>\n<p>Fok verwies auf die Erweiterung der \u00d6ffnungszeiten, d.h. bereits ab M\u00e4rz \u00f6ffnet das Museum seine Pforten f\u00fcr den Besucherverkehr.<\/p>\n<p>Damit wurde der Saisonbeginn mit dem zu einer \u201eEintritt-Kooperation\u201c\u00a0 verbundenen Emsland Moormuseum in Geeste\/Gro\u00df Hesepe und dem Museumsdorf in Cloppenburg abgestimmt.<\/p>\n<p>Erw\u00e4hnt sei hier das n\u00e4chste gro\u00dfe Event, \u201eOstern auf Clemenswert\u201c (24.04)<\/p>\n<p>Alle Veranstaltungen finden Sie zeitnah unter Veranstaltungshinweise in der \u201eInformationen f\u00fcr S\u00f6gel und Umgebung\u201c<\/p>\n<p>Aufgrund der steigenden Nachfrage und guten Besucherentwicklung sucht das Museum neue Schlossf\u00fchrer\/in auf Minijob-Basis f\u00fcr die Nachmittagsschicht und museumsp\u00e4dagogische Programme. Richten Sie Ihre schriftliche Bewerbung bis 04. M\u00e4rz an Museumsdirektor Oliver Fok, Emslandmuseum Schloss Clemenswerth, 49751 S\u00f6gel. Infos unter Tel. 05952 \/ 93 23 21.<\/p>\n<p>Text: KS<\/p>\n<p>Foto: Eva K\u00f6bbemann &#8211; Emszeitung<\/p>\n<p><a href=\"https:\/\/www.forum-soegel.de\/information\/wp-content\/uploads\/2011\/02\/Emslandmuseum.jpg\"><img loading=\"lazy\" decoding=\"async\" class=\"alignnone size-medium wp-image-4486\" title=\"Emslandmuseum\" src=\"https:\/\/www.forum-soegel.de\/information\/wp-content\/uploads\/2011\/02\/Emslandmuseum-300x199.jpg\" alt=\"\" width=\"300\" height=\"199\" srcset=\"https:\/\/www.forum-soegel.de\/information\/wp-content\/uploads\/2011\/02\/Emslandmuseum-300x199.jpg 300w, https:\/\/www.forum-soegel.de\/information\/wp-content\/uploads\/2011\/02\/Emslandmuseum.jpg 1024w\" sizes=\"auto, (max-width: 300px) 100vw, 300px\" \/><\/a><\/p>\n","protected":false},"excerpt":{"rendered":"Museumsdirektor Oliver Fok und seine Assistentin\u00a0 Ramona Krons stellten den diesj\u00e4hrigen Veranstaltungskalender vor. Das Programm umfasst mehr als 70 Veranstaltungen und ist, wie man sich auf den 32 Seiten beeindrucken lassen kann, gegen\u00fcber dem Vorjahr um viele neue Angebote erg\u00e4nzt worden. In einer Auflagenh\u00f6he von 60.000 St\u00fcck bietet der damit f\u00fcr jeden verf\u00fcgbare Veranstaltungskalender nicht [&hellip;]\n","protected":false},"author":2,"featured_media":0,"comment_status":"closed","ping_status":"closed","sticky":false,"template":"","format":"standard","meta":{"ngg_post_thumbnail":0,"footnotes":""},"categories":[3],"tags":[279,303],"class_list":["post-4485","post","type-post","status-publish","format-standard","hentry","category-aktuelles-aus-der-region","tag-emslandmuseum","tag-schloss-clemenswerth"],"_links":{"self":[{"href":"https:\/\/www.forum-soegel.de\/information\/wp-json\/wp\/v2\/posts\/4485","targetHints":{"allow":["GET"]}}],"collection":[{"href":"https:\/\/www.forum-soegel.de\/information\/wp-json\/wp\/v2\/posts"}],"about":[{"href":"https:\/\/www.forum-soegel.de\/information\/wp-json\/wp\/v2\/types\/post"}],"author":[{"embeddable":true,"href":"https:\/\/www.forum-soegel.de\/information\/wp-json\/wp\/v2\/users\/2"}],"replies":[{"embeddable":true,"href":"https:\/\/www.forum-soegel.de\/information\/wp-json\/wp\/v2\/comments?post=4485"}],"version-history":[{"count":1,"href":"https:\/\/www.forum-soegel.de\/information\/wp-json\/wp\/v2\/posts\/4485\/revisions"}],"predecessor-version":[{"id":4487,"href":"https:\/\/www.forum-soegel.de\/information\/wp-json\/wp\/v2\/posts\/4485\/revisions\/4487"}],"wp:attachment":[{"href":"https:\/\/www.forum-soegel.de\/information\/wp-json\/wp\/v2\/media?parent=4485"}],"wp:term":[{"taxonomy":"category","embeddable":true,"href":"https:\/\/www.forum-soegel.de\/information\/wp-json\/wp\/v2\/categories?post=4485"},{"taxonomy":"post_tag","embeddable":true,"href":"https:\/\/www.forum-soegel.de\/information\/wp-json\/wp\/v2\/tags?post=4485"}],"curies":[{"name":"wp","href":"https:\/\/api.w.org\/{rel}","templated":true}]}}