{"id":4426,"date":"2011-03-01T00:16:56","date_gmt":"2011-02-28T23:16:56","guid":{"rendered":"https:\/\/www.forum-soegel.de\/information\/?p=4426"},"modified":"2011-02-27T11:18:34","modified_gmt":"2011-02-27T10:18:34","slug":"blick-uber-den-tellerrand","status":"publish","type":"post","link":"https:\/\/www.forum-soegel.de\/information\/2011\/03\/blick-uber-den-tellerrand\/","title":{"rendered":"Blick \u00fcber den Tellerrand"},"content":{"rendered":"<p>Liebe Leserinnen und Leser,<\/p>\n<p>obwohl wir uns seit Jahren als Aufgabe und Ziel gesetzt haben, die Gemeinde S\u00f6gel und ihre Umgebung, wie es im Titel unserer Brosch\u00fcre hei\u00dft, mit Informationen zu versorgen, lohnt sich doch der \u201eBlick \u00fcber den Tellerrand\u201c. An vielen Stellen ist eine Sensibilisierung f\u00fcr Themen au\u00dferhalb des territorialen Einzugsgebietes m\u00f6glich und notwendig.<\/p>\n<p>National ist in den letzten Wochen die Erh\u00f6hung der Hartz-IV-S\u00e4tze hei\u00df diskutiert worden.<\/p>\n<p>Die internationalen Nachrichten waren gepr\u00e4gt von den Umw\u00e4lzungsprozessen im Orient und vor allem in \u00c4gypten.<\/p>\n<p>Doch ebenso wichtig ist auch ein pers\u00f6nlicher Perspektivwechsel. Und hier schlie\u00dft sich der Kreis. Denn seit einigen Wochen bietet dazu die Ausstellung \u201eEin Koffer f\u00fcr die letzte Reise\u201c in der Aula des H\u00fcmmling-Gymnasiums in S\u00f6gel Gelegenheit. Initiiert von Fritz Roth und nach S\u00f6gel geholt vom Verein S\u00f6geler Hospiz\u00a0 thematisieren die Exponate in eindrucksvoller Weise den Tod und den individuellen Umgang mit dem Sterben.<\/p>\n<p>Es zeigt sich also: Man muss den Blick nicht in die Ferne schweifen lassen, um seinen Horizont zu erweitern.<\/p>\n<p>In diesem Sinne,<\/p>\n<p>Ihr Redaktionsteam<\/p>\n","protected":false},"excerpt":{"rendered":"Liebe Leserinnen und Leser, obwohl wir uns seit Jahren als Aufgabe und Ziel gesetzt haben, die Gemeinde S\u00f6gel und ihre Umgebung, wie es im Titel unserer Brosch\u00fcre hei\u00dft, mit Informationen zu versorgen, lohnt sich doch der \u201eBlick \u00fcber den Tellerrand\u201c. An vielen Stellen ist eine Sensibilisierung f\u00fcr Themen au\u00dferhalb des territorialen Einzugsgebietes m\u00f6glich und notwendig. [&hellip;]\n","protected":false},"author":2,"featured_media":0,"comment_status":"closed","ping_status":"closed","sticky":false,"template":"","format":"standard","meta":{"ngg_post_thumbnail":0,"footnotes":""},"categories":[393],"tags":[],"class_list":["post-4426","post","type-post","status-publish","format-standard","hentry","category-vorwort"],"_links":{"self":[{"href":"https:\/\/www.forum-soegel.de\/information\/wp-json\/wp\/v2\/posts\/4426","targetHints":{"allow":["GET"]}}],"collection":[{"href":"https:\/\/www.forum-soegel.de\/information\/wp-json\/wp\/v2\/posts"}],"about":[{"href":"https:\/\/www.forum-soegel.de\/information\/wp-json\/wp\/v2\/types\/post"}],"author":[{"embeddable":true,"href":"https:\/\/www.forum-soegel.de\/information\/wp-json\/wp\/v2\/users\/2"}],"replies":[{"embeddable":true,"href":"https:\/\/www.forum-soegel.de\/information\/wp-json\/wp\/v2\/comments?post=4426"}],"version-history":[{"count":1,"href":"https:\/\/www.forum-soegel.de\/information\/wp-json\/wp\/v2\/posts\/4426\/revisions"}],"predecessor-version":[{"id":4427,"href":"https:\/\/www.forum-soegel.de\/information\/wp-json\/wp\/v2\/posts\/4426\/revisions\/4427"}],"wp:attachment":[{"href":"https:\/\/www.forum-soegel.de\/information\/wp-json\/wp\/v2\/media?parent=4426"}],"wp:term":[{"taxonomy":"category","embeddable":true,"href":"https:\/\/www.forum-soegel.de\/information\/wp-json\/wp\/v2\/categories?post=4426"},{"taxonomy":"post_tag","embeddable":true,"href":"https:\/\/www.forum-soegel.de\/information\/wp-json\/wp\/v2\/tags?post=4426"}],"curies":[{"name":"wp","href":"https:\/\/api.w.org\/{rel}","templated":true}]}}