{"id":4373,"date":"2011-02-01T00:11:28","date_gmt":"2011-01-31T23:11:28","guid":{"rendered":"https:\/\/www.forum-soegel.de\/information\/?p=4373"},"modified":"2011-01-29T14:14:51","modified_gmt":"2011-01-29T13:14:51","slug":"hey-das-geht-ab-%e2%80%a6","status":"publish","type":"post","link":"https:\/\/www.forum-soegel.de\/information\/2011\/02\/hey-das-geht-ab-%e2%80%a6\/","title":{"rendered":"Hey, das geht ab \u2026"},"content":{"rendered":"<p><strong>Kartenverkauf f\u00fcr den Karneval in S\u00f6gel<\/strong><\/p>\n<p>Seit 16.01.2011 gibt es wieder Karten f\u00fcr den Karneval der Kolpingkapelle S\u00f6gel. Die Sitzungen finden statt am 18. und 19.02. sowie am 25. und 26.02. jeweils um 20:00 Uhr im Hotel Clemenswerther Hof.<\/p>\n<p>Im letzten Jahr feierte man noch das 50j\u00e4hrige Bestehen des Karnevals, in diesem Jahr nun das 25. Prinzenpaar, denn zuvor gab es lediglich den Karnevalsprinzen. \u201eJetzt geht\u00b4s zur Sache\u201c, meint Karnevalspr\u00e4sident Stephan Schmees, denn die Vorbereitungen gehen nun in die hei\u00dfe Phase. Jeden Tag wird geprobt, gen\u00e4ht, gesungen, getextet und musiziert. Alles, um bei der Premiere am 18.02. zu gl\u00e4nzen. Das Programm wird toll, es ist wieder alles dabei. Auch neue Gesichter k\u00f6nnen pr\u00e4sentiert werden, was den Organisatoren sehr wichtig ist. Jedes Jahr min. ein neues Gesicht auf der B\u00fchne und unser Karneval bleibt jung und abwechslungsreich, so Schmees weiter. Die Sitzungen erfreuen sich gro\u00dfer Beliebtheit auch au\u00dferhalb S\u00f6gels und ziehen immer Besucher aus Nah und Fern an. Es gibt z.B. Stammg\u00e4ste aus Osnabr\u00fcck, Hamburg und K\u00f6ln, aber ebenso aus der Samtgemeinde, Meppen, Lathen, Aschendorf und Papenburg. F\u00fcr den Kartenpreis von lediglich 10\u20ac gibt es ein rund 4,5 st\u00fcndiges Programm mit viel Spa\u00df, Tanz und Musik. Im Anschluss an die Sitzungen steigt wie immer eine riesige Karnevalsfete, die noch einige Stunden nach der Sitzung unvermindert l\u00e4uft<\/p>\n<p>Text: Stephan Schmees<\/p>\n<p><a href=\"https:\/\/www.forum-soegel.de\/information\/wp-content\/uploads\/2011\/01\/zum-Karneval1.jpg\"><img loading=\"lazy\" decoding=\"async\" class=\"alignnone size-thumbnail wp-image-4374\" title=\"zum Karneval1\" src=\"https:\/\/www.forum-soegel.de\/information\/wp-content\/uploads\/2011\/01\/zum-Karneval1-150x150.jpg\" alt=\"\" width=\"150\" height=\"150\" \/><\/a>\u00a0 <a href=\"https:\/\/www.forum-soegel.de\/information\/wp-content\/uploads\/2011\/01\/zum-Karneval2.jpg\"><img loading=\"lazy\" decoding=\"async\" class=\"alignnone size-thumbnail wp-image-4375\" title=\"zum Karneval2\" src=\"https:\/\/www.forum-soegel.de\/information\/wp-content\/uploads\/2011\/01\/zum-Karneval2-150x150.jpg\" alt=\"\" width=\"150\" height=\"150\" \/><\/a>\u00a0 <a href=\"https:\/\/www.forum-soegel.de\/information\/wp-content\/uploads\/2011\/01\/zum-Karneval3.jpg\"><img loading=\"lazy\" decoding=\"async\" class=\"alignnone size-thumbnail wp-image-4376\" title=\"zum Karneval3\" src=\"https:\/\/www.forum-soegel.de\/information\/wp-content\/uploads\/2011\/01\/zum-Karneval3-150x150.jpg\" alt=\"\" width=\"150\" height=\"150\" \/><\/a><\/p>\n","protected":false},"excerpt":{"rendered":"Kartenverkauf f\u00fcr den Karneval in S\u00f6gel Seit 16.01.2011 gibt es wieder Karten f\u00fcr den Karneval der Kolpingkapelle S\u00f6gel. Die Sitzungen finden statt am 18. und 19.02. sowie am 25. und 26.02. jeweils um 20:00 Uhr im Hotel Clemenswerther Hof. Im letzten Jahr feierte man noch das 50j\u00e4hrige Bestehen des Karnevals, in diesem Jahr nun das [&hellip;]\n","protected":false},"author":2,"featured_media":0,"comment_status":"closed","ping_status":"closed","sticky":false,"template":"","format":"standard","meta":{"ngg_post_thumbnail":0,"footnotes":""},"categories":[5],"tags":[222,262],"class_list":["post-4373","post","type-post","status-publish","format-standard","hentry","category-was-machen-die-vereine","tag-karneval","tag-kolpingkapelle"],"_links":{"self":[{"href":"https:\/\/www.forum-soegel.de\/information\/wp-json\/wp\/v2\/posts\/4373","targetHints":{"allow":["GET"]}}],"collection":[{"href":"https:\/\/www.forum-soegel.de\/information\/wp-json\/wp\/v2\/posts"}],"about":[{"href":"https:\/\/www.forum-soegel.de\/information\/wp-json\/wp\/v2\/types\/post"}],"author":[{"embeddable":true,"href":"https:\/\/www.forum-soegel.de\/information\/wp-json\/wp\/v2\/users\/2"}],"replies":[{"embeddable":true,"href":"https:\/\/www.forum-soegel.de\/information\/wp-json\/wp\/v2\/comments?post=4373"}],"version-history":[{"count":1,"href":"https:\/\/www.forum-soegel.de\/information\/wp-json\/wp\/v2\/posts\/4373\/revisions"}],"predecessor-version":[{"id":4377,"href":"https:\/\/www.forum-soegel.de\/information\/wp-json\/wp\/v2\/posts\/4373\/revisions\/4377"}],"wp:attachment":[{"href":"https:\/\/www.forum-soegel.de\/information\/wp-json\/wp\/v2\/media?parent=4373"}],"wp:term":[{"taxonomy":"category","embeddable":true,"href":"https:\/\/www.forum-soegel.de\/information\/wp-json\/wp\/v2\/categories?post=4373"},{"taxonomy":"post_tag","embeddable":true,"href":"https:\/\/www.forum-soegel.de\/information\/wp-json\/wp\/v2\/tags?post=4373"}],"curies":[{"name":"wp","href":"https:\/\/api.w.org\/{rel}","templated":true}]}}