{"id":4363,"date":"2011-02-01T00:01:49","date_gmt":"2011-01-31T23:01:49","guid":{"rendered":"https:\/\/www.forum-soegel.de\/information\/?p=4363"},"modified":"2011-01-29T14:04:42","modified_gmt":"2011-01-29T13:04:42","slug":"auszeichnung-im-behindertensport","status":"publish","type":"post","link":"https:\/\/www.forum-soegel.de\/information\/2011\/02\/auszeichnung-im-behindertensport\/","title":{"rendered":"Auszeichnung im Behindertensport"},"content":{"rendered":"<p>Die Reha- und Behindertensportgemeinschaft S\u00f6gel hatte ihre beiden Mitglieder Sigrun Pingel und Theo Kempkes zu einer kleinen Feier anl\u00e4sslich der \u00dcbergabe ihrer Sportabzeichen eingeladen.<\/p>\n<p>Bei Kaffee und Kuchen wurde ihre Auszeichnung vom 1. Vorsitzenden, Bernd Kamlage und vom Sportwart, Wille Herm\u00fchlen, \u00fcberreicht.<\/p>\n<p>Sigrun Pingel machte ihr Abzeichen in Gold zum 36 mal und Theo Kempkes zum 28 mal in Gold.<\/p>\n<p>Bernd Kamlage w\u00fcnschte ihnen bei guter Gesundheit noch weiterhin viele Sportabzeichen unter Behindertenbedingungen erreichen zu k\u00f6nnen.<\/p>\n<p>Text\/Foto: Bernd Kamlage<\/p>\n<div id=\"attachment_4364\" style=\"width: 310px\" class=\"wp-caption alignnone\"><a href=\"https:\/\/www.forum-soegel.de\/information\/wp-content\/uploads\/2011\/01\/die-Reha.jpg\"><img loading=\"lazy\" decoding=\"async\" aria-describedby=\"caption-attachment-4364\" class=\"size-medium wp-image-4364\" title=\"die Reha\" src=\"https:\/\/www.forum-soegel.de\/information\/wp-content\/uploads\/2011\/01\/die-Reha-300x225.jpg\" alt=\"\" width=\"300\" height=\"225\" srcset=\"https:\/\/www.forum-soegel.de\/information\/wp-content\/uploads\/2011\/01\/die-Reha-300x225.jpg 300w, https:\/\/www.forum-soegel.de\/information\/wp-content\/uploads\/2011\/01\/die-Reha.jpg 1024w\" sizes=\"auto, (max-width: 300px) 100vw, 300px\" \/><\/a><p id=\"caption-attachment-4364\" class=\"wp-caption-text\">Unser Bild zeigt in der Mitte die beiden Ausgezeichneten und links Bernd Kamlage, rechts Willi Herm\u00fchlen<\/p><\/div>\n","protected":false},"excerpt":{"rendered":"Die Reha- und Behindertensportgemeinschaft S\u00f6gel hatte ihre beiden Mitglieder Sigrun Pingel und Theo Kempkes zu einer kleinen Feier anl\u00e4sslich der \u00dcbergabe ihrer Sportabzeichen eingeladen. Bei Kaffee und Kuchen wurde ihre Auszeichnung vom 1. Vorsitzenden, Bernd Kamlage und vom Sportwart, Wille Herm\u00fchlen, \u00fcberreicht. Sigrun Pingel machte ihr Abzeichen in Gold zum 36 mal und Theo Kempkes [&hellip;]\n","protected":false},"author":2,"featured_media":0,"comment_status":"closed","ping_status":"closed","sticky":false,"template":"","format":"standard","meta":{"ngg_post_thumbnail":0,"footnotes":""},"categories":[5],"tags":[587],"class_list":["post-4363","post","type-post","status-publish","format-standard","hentry","category-was-machen-die-vereine","tag-behindertensport"],"_links":{"self":[{"href":"https:\/\/www.forum-soegel.de\/information\/wp-json\/wp\/v2\/posts\/4363","targetHints":{"allow":["GET"]}}],"collection":[{"href":"https:\/\/www.forum-soegel.de\/information\/wp-json\/wp\/v2\/posts"}],"about":[{"href":"https:\/\/www.forum-soegel.de\/information\/wp-json\/wp\/v2\/types\/post"}],"author":[{"embeddable":true,"href":"https:\/\/www.forum-soegel.de\/information\/wp-json\/wp\/v2\/users\/2"}],"replies":[{"embeddable":true,"href":"https:\/\/www.forum-soegel.de\/information\/wp-json\/wp\/v2\/comments?post=4363"}],"version-history":[{"count":1,"href":"https:\/\/www.forum-soegel.de\/information\/wp-json\/wp\/v2\/posts\/4363\/revisions"}],"predecessor-version":[{"id":4365,"href":"https:\/\/www.forum-soegel.de\/information\/wp-json\/wp\/v2\/posts\/4363\/revisions\/4365"}],"wp:attachment":[{"href":"https:\/\/www.forum-soegel.de\/information\/wp-json\/wp\/v2\/media?parent=4363"}],"wp:term":[{"taxonomy":"category","embeddable":true,"href":"https:\/\/www.forum-soegel.de\/information\/wp-json\/wp\/v2\/categories?post=4363"},{"taxonomy":"post_tag","embeddable":true,"href":"https:\/\/www.forum-soegel.de\/information\/wp-json\/wp\/v2\/tags?post=4363"}],"curies":[{"name":"wp","href":"https:\/\/api.w.org\/{rel}","templated":true}]}}