{"id":4351,"date":"2011-02-01T00:02:21","date_gmt":"2011-01-31T23:02:21","guid":{"rendered":"https:\/\/www.forum-soegel.de\/information\/?p=4351"},"modified":"2011-02-27T11:16:53","modified_gmt":"2011-02-27T10:16:53","slug":"was-gibt%e2%80%99s-neues","status":"publish","type":"post","link":"https:\/\/www.forum-soegel.de\/information\/2011\/02\/was-gibt%e2%80%99s-neues\/","title":{"rendered":"Was gibt\u2019s Neues"},"content":{"rendered":"<p>Wenn man den Ausf\u00fchrungen der Gemeindevertreter anl\u00e4sslich des Neujahrsempfang im Heimathaus S\u00f6gel folgt, wird sich das Gesicht der Gemeinde grundlegend ver\u00e4ndern.<\/p>\n<p>Samtgemeindeb\u00fcrgermeister G\u00fcnter Wigbers und B\u00fcrgermeister Heiner Wellenbrock dokumentierten in Wort und Bild eindrucksvoll eine Vielzahl baulicher Ma\u00dfnahmen, die im vergangenen Jahr abgeschlossen beziehungsweise eingeleitet wurden und 2011 vollendet werden sollen.<\/p>\n<p>Dabei werden verkehrstechnische Aspekte genauso eine Rolle spielen wie historisch begr\u00fcndete Pl\u00e4ne, die zum Beispiel die Schaffung einer \u201eoptischen Achse\u201c zwischen Schloss Clemenswerth und der St.-Jakobus-Kirche in Angriff nehmen sollen.<\/p>\n<p>Ein in diesem Kontext geplanter Kreisel, der die ampelgeregelte Kreuzung ersetzt, wird den Ortskern gef\u00e4lliger machen.<\/p>\n<p>Auch die geplante Umgestaltung des Marktplatzes wird die r\u00e4umliche Lebensqualit\u00e4t S\u00f6gels erheblich verbessern.<\/p>\n<p>Dabei passt es gut in das Konzept, das Jugendzentrum und damit die junge Generation in die Ortsmitte zu holen.<\/p>\n<p><a href=\"https:\/\/www.forum-soegel.de\/information\/wp-content\/uploads\/2011\/02\/zum-Vorwort1.jpg\"><img loading=\"lazy\" decoding=\"async\" class=\"alignleft size-thumbnail wp-image-4355\" title=\"zum Vorwort\" src=\"https:\/\/www.forum-soegel.de\/information\/wp-content\/uploads\/2011\/02\/zum-Vorwort1-150x150.jpg\" alt=\"\" width=\"150\" height=\"150\" \/><\/a>Wenn wir dann das f\u00fcr 2011 angek\u00fcndigte \u201eKulturprogramm\u201c mit H\u00f6hepunkten wie dem ADORO Konzert auf dem Ludmillenhof und nahezu siebzig Veranstaltungen auf Schloss Clemenswerth in den Blick nehmen, kann einem nur ein anerkennendes \u201eDonnerwetter\u201c\u00a0 \u00fcber die Lippen kommen.<\/p>\n<p>F\u00fcr alle diejenigen unter Ihnen, liebe Leserinnen und Leser, die auch Bew\u00e4hrtes sch\u00e4tzen, haben wir noch \u00a0eine gute Nachricht.<\/p>\n<p>Wir, die Brosch\u00fcre \u201eInformationen f\u00fcr S\u00f6gel und Umgebung\u201c, wollen so bleiben wie wir sind.<\/p>\n<p>Die Resonanz aus Ihrer Mitte erlaubt uns den Zusatz \u201eso gut bleiben\u201c.<\/p>\n<p>Also, auf in ein neues Jahrzehnt, bleiben Sie gesund und lassen Sie es in der f\u00fcnften Jahreszeit locker angehen.<\/p>\n<p>Ganz herzlich,<\/p>\n<p>Ihr Redaktionsteam.<\/p>\n","protected":false},"excerpt":{"rendered":"Wenn man den Ausf\u00fchrungen der Gemeindevertreter anl\u00e4sslich des Neujahrsempfang im Heimathaus S\u00f6gel folgt, wird sich das Gesicht der Gemeinde grundlegend ver\u00e4ndern. Samtgemeindeb\u00fcrgermeister G\u00fcnter Wigbers und B\u00fcrgermeister Heiner Wellenbrock dokumentierten in Wort und Bild eindrucksvoll eine Vielzahl baulicher Ma\u00dfnahmen, die im vergangenen Jahr abgeschlossen beziehungsweise eingeleitet wurden und 2011 vollendet werden sollen. Dabei werden verkehrstechnische Aspekte [&hellip;]\n","protected":false},"author":2,"featured_media":0,"comment_status":"closed","ping_status":"closed","sticky":false,"template":"","format":"standard","meta":{"ngg_post_thumbnail":0,"footnotes":""},"categories":[393],"tags":[],"class_list":["post-4351","post","type-post","status-publish","format-standard","hentry","category-vorwort"],"_links":{"self":[{"href":"https:\/\/www.forum-soegel.de\/information\/wp-json\/wp\/v2\/posts\/4351","targetHints":{"allow":["GET"]}}],"collection":[{"href":"https:\/\/www.forum-soegel.de\/information\/wp-json\/wp\/v2\/posts"}],"about":[{"href":"https:\/\/www.forum-soegel.de\/information\/wp-json\/wp\/v2\/types\/post"}],"author":[{"embeddable":true,"href":"https:\/\/www.forum-soegel.de\/information\/wp-json\/wp\/v2\/users\/2"}],"replies":[{"embeddable":true,"href":"https:\/\/www.forum-soegel.de\/information\/wp-json\/wp\/v2\/comments?post=4351"}],"version-history":[{"count":6,"href":"https:\/\/www.forum-soegel.de\/information\/wp-json\/wp\/v2\/posts\/4351\/revisions"}],"predecessor-version":[{"id":4359,"href":"https:\/\/www.forum-soegel.de\/information\/wp-json\/wp\/v2\/posts\/4351\/revisions\/4359"}],"wp:attachment":[{"href":"https:\/\/www.forum-soegel.de\/information\/wp-json\/wp\/v2\/media?parent=4351"}],"wp:term":[{"taxonomy":"category","embeddable":true,"href":"https:\/\/www.forum-soegel.de\/information\/wp-json\/wp\/v2\/categories?post=4351"},{"taxonomy":"post_tag","embeddable":true,"href":"https:\/\/www.forum-soegel.de\/information\/wp-json\/wp\/v2\/tags?post=4351"}],"curies":[{"name":"wp","href":"https:\/\/api.w.org\/{rel}","templated":true}]}}