{"id":4335,"date":"2011-02-01T00:25:18","date_gmt":"2011-01-31T23:25:18","guid":{"rendered":"https:\/\/www.forum-soegel.de\/information\/?p=4335"},"modified":"2011-01-29T12:26:18","modified_gmt":"2011-01-29T11:26:18","slug":"neujahrsempfang-der-gemeinde-sogel","status":"publish","type":"post","link":"https:\/\/www.forum-soegel.de\/information\/2011\/02\/neujahrsempfang-der-gemeinde-sogel\/","title":{"rendered":"Neujahrsempfang der Gemeinde S\u00f6gel"},"content":{"rendered":"<p>Zum diesj\u00e4hrigen Neujahrsempfang der Gemeinde S\u00f6gel am 9. Januar im Heimathaus hatten sich wieder zahlreiche B\u00fcrgerinnen und B\u00fcrger sowie G\u00e4ste aus Politik, Wirtschaft, Kirchen und Vereinen sowie die Sternsinger eingefunden, um gemeinsam in das neue Jahr 2011 zu blicken. B\u00fcrgermeister Heiner Wellenbrock und Gemeindedirektor G\u00fcnter Wigbers hielten R\u00fcckschau und Ausblick auf 2011. Als vorrangige Aufgaben nannte Wellenbrock,<\/p>\n<p>&#8211; dass sich die Neugestaltung des Kreisverkehrsplatzes am Lidl-Markt als wesentliche Weichenstellung f\u00fcr die weitere verkehrliche Entwicklung des S\u00f6geler Ortszentrums erweist und mit dem R\u00fcckbau der Kreuzung Clemens-August-Stra\u00dfe \/ Sigiltrastra\u00dfe \/ Am Pohlkamp sowie mit der Neugestaltung der Clemens-August-Stra\u00dfe und des Marktplatzes die Rahmenbedingungen schaffen, um die Ortsmitte attraktiver zu gestalten,<\/p>\n<p>&#8211; dass das neue Jugendzentrum direkt am Marktplatz den Bed\u00fcrfnissen der Jugendlichen entspricht und von ihnen angenommen wird,<\/p>\n<p>&#8211; dass es gelingt, gemeinsam mit der Fa. Ten Kate durch die Nutzung der Abw\u00e4rme des Produktionsprozesses mit neu verlegten W\u00e4rmeleitungen eine umweltfreundliche und zugleich preiswerte W\u00e4rmeversorgung zu realisieren, die zugleich einen wichtigen Beitrag der Gemeinde auf dem Gebiet der Klimaschutzpolitik beinhaltet und<\/p>\n<p>&#8211; dass das neue Gew\u00e4sser sowohl den Bed\u00fcrfnissen des Sportfischereivereins als auch den Bed\u00fcrfnissen des Naturschutzes und der Naherholung gerecht wird.<\/p>\n<p>Vier Personen erhielten Blumenstr\u00e4u\u00dfe f\u00fcr langj\u00e4hriges ehrenamtliches Engagement, und zwar Walburga Kohnen, Wilhelm Masbaum, Hans Hanekamp und Theo Schmees.<\/p>\n","protected":false},"excerpt":{"rendered":"Zum diesj\u00e4hrigen Neujahrsempfang der Gemeinde S\u00f6gel am 9. Januar im Heimathaus hatten sich wieder zahlreiche B\u00fcrgerinnen und B\u00fcrger sowie G\u00e4ste aus Politik, Wirtschaft, Kirchen und Vereinen sowie die Sternsinger eingefunden, um gemeinsam in das neue Jahr 2011 zu blicken. B\u00fcrgermeister Heiner Wellenbrock und Gemeindedirektor G\u00fcnter Wigbers hielten R\u00fcckschau und Ausblick auf 2011. Als vorrangige Aufgaben [&hellip;]\n","protected":false},"author":2,"featured_media":0,"comment_status":"closed","ping_status":"closed","sticky":false,"template":"","format":"standard","meta":{"ngg_post_thumbnail":0,"footnotes":""},"categories":[10],"tags":[67],"class_list":["post-4335","post","type-post","status-publish","format-standard","hentry","category-rat-und-verwaltung-informieren","tag-neujahrsempfang"],"_links":{"self":[{"href":"https:\/\/www.forum-soegel.de\/information\/wp-json\/wp\/v2\/posts\/4335","targetHints":{"allow":["GET"]}}],"collection":[{"href":"https:\/\/www.forum-soegel.de\/information\/wp-json\/wp\/v2\/posts"}],"about":[{"href":"https:\/\/www.forum-soegel.de\/information\/wp-json\/wp\/v2\/types\/post"}],"author":[{"embeddable":true,"href":"https:\/\/www.forum-soegel.de\/information\/wp-json\/wp\/v2\/users\/2"}],"replies":[{"embeddable":true,"href":"https:\/\/www.forum-soegel.de\/information\/wp-json\/wp\/v2\/comments?post=4335"}],"version-history":[{"count":1,"href":"https:\/\/www.forum-soegel.de\/information\/wp-json\/wp\/v2\/posts\/4335\/revisions"}],"predecessor-version":[{"id":4336,"href":"https:\/\/www.forum-soegel.de\/information\/wp-json\/wp\/v2\/posts\/4335\/revisions\/4336"}],"wp:attachment":[{"href":"https:\/\/www.forum-soegel.de\/information\/wp-json\/wp\/v2\/media?parent=4335"}],"wp:term":[{"taxonomy":"category","embeddable":true,"href":"https:\/\/www.forum-soegel.de\/information\/wp-json\/wp\/v2\/categories?post=4335"},{"taxonomy":"post_tag","embeddable":true,"href":"https:\/\/www.forum-soegel.de\/information\/wp-json\/wp\/v2\/tags?post=4335"}],"curies":[{"name":"wp","href":"https:\/\/api.w.org\/{rel}","templated":true}]}}