{"id":4305,"date":"2011-02-01T00:56:07","date_gmt":"2011-01-31T23:56:07","guid":{"rendered":"https:\/\/www.forum-soegel.de\/information\/?p=4305"},"modified":"2011-01-29T11:58:17","modified_gmt":"2011-01-29T10:58:17","slug":"flat-screen-und-dvd-rekorder-fur-die-schule-am-schloss","status":"publish","type":"post","link":"https:\/\/www.forum-soegel.de\/information\/2011\/02\/flat-screen-und-dvd-rekorder-fur-die-schule-am-schloss\/","title":{"rendered":"Flat Screen und DVD-Rekorder f\u00fcr die Schule am Schloss"},"content":{"rendered":"<p>Der F\u00f6rderverein \u201eFreunde und F\u00f6rderer der Schule am Schloss\u201c hat der Schule einen neuen Flat Screen mit DVD-Rekorder f\u00fcr den neuen Ganztagsraum zur Verf\u00fcgung gestellt. Damit sollen die Jugendlichen an die neuen Medien herangef\u00fchrt werden und einen angemessenen Umgang mit Ger\u00e4ten dieser Art erlernen. In eigenen Projekten wie z.B. Aufnahmen von Theaterauff\u00fchrungen,\u00a0 Interviews, Pr\u00e4sentationen\u00a0 usw. sollen die Sch\u00fclerinnen und Sch\u00fcler die M\u00f6glichkeit bekommen, ihre F\u00e4higkeiten sowohl im sprachlichen, kreativen und pr\u00e4sentativen Bereich, als auch im technischen Bereich ausbauen zu k\u00f6nnen. Verantwortlich f\u00fcr die Verwaltung der neuen Ger\u00e4te ist Schulsozialarbeiterin Sandra Brinkhaus, die ebenfalls\u00a0 daf\u00fcr Sorge tr\u00e4gt, dass die Nutzung nicht zur \u00dcberbr\u00fcckung der Zeiteinheiten am Nachmittag dienen wird.\u00a0 Konrektorin Maria Lau bedankte sich beim Vorsitzenden des F\u00f6rdervereins Theo L\u00fcke\u00a0 f\u00fcr die Spende und erhofft sich\u00a0 mit der Anschaffung dieser modernen Ger\u00e4te und der damit m\u00f6glichen Realisierung interessanter Projekte einen Anstieg der Zahl der Sch\u00fclerinnen und Sch\u00fcler, die nicht in der Ganztagsbetreuung angemeldet sind.<\/p>\n<p>Text\/Foto: Gisela Arling<\/p>\n<div id=\"attachment_4306\" style=\"width: 310px\" class=\"wp-caption alignnone\"><a href=\"https:\/\/www.forum-soegel.de\/information\/wp-content\/uploads\/2011\/01\/Flat-Screen.jpg\"><img loading=\"lazy\" decoding=\"async\" aria-describedby=\"caption-attachment-4306\" class=\"size-medium wp-image-4306\" title=\"Flat Screen\" src=\"https:\/\/www.forum-soegel.de\/information\/wp-content\/uploads\/2011\/01\/Flat-Screen-300x199.jpg\" alt=\"\" width=\"300\" height=\"199\" srcset=\"https:\/\/www.forum-soegel.de\/information\/wp-content\/uploads\/2011\/01\/Flat-Screen-300x199.jpg 300w, https:\/\/www.forum-soegel.de\/information\/wp-content\/uploads\/2011\/01\/Flat-Screen.jpg 640w\" sizes=\"auto, (max-width: 300px) 100vw, 300px\" \/><\/a><p id=\"caption-attachment-4306\" class=\"wp-caption-text\">Das Foto zeigt von links: Konrektorin M. Lau, Vom F\u00f6rderverein: Heike Jackst\u00e4dt, Vorsitzender Theo L\u00fcke, Herr K\u00e4ser u. Schulsozialarbeiterin Sandra Brinkhaus<\/p><\/div>\n","protected":false},"excerpt":{"rendered":"Der F\u00f6rderverein \u201eFreunde und F\u00f6rderer der Schule am Schloss\u201c hat der Schule einen neuen Flat Screen mit DVD-Rekorder f\u00fcr den neuen Ganztagsraum zur Verf\u00fcgung gestellt. Damit sollen die Jugendlichen an die neuen Medien herangef\u00fchrt werden und einen angemessenen Umgang mit Ger\u00e4ten dieser Art erlernen. In eigenen Projekten wie z.B. Aufnahmen von Theaterauff\u00fchrungen,\u00a0 Interviews, Pr\u00e4sentationen\u00a0 usw. [&hellip;]\n","protected":false},"author":2,"featured_media":0,"comment_status":"closed","ping_status":"closed","sticky":false,"template":"","format":"standard","meta":{"ngg_post_thumbnail":0,"footnotes":""},"categories":[6],"tags":[573,145],"class_list":["post-4305","post","type-post","status-publish","format-standard","hentry","category-aus-der-schule-geplaudert","tag-flat-screen","tag-schule-am-schloss"],"_links":{"self":[{"href":"https:\/\/www.forum-soegel.de\/information\/wp-json\/wp\/v2\/posts\/4305","targetHints":{"allow":["GET"]}}],"collection":[{"href":"https:\/\/www.forum-soegel.de\/information\/wp-json\/wp\/v2\/posts"}],"about":[{"href":"https:\/\/www.forum-soegel.de\/information\/wp-json\/wp\/v2\/types\/post"}],"author":[{"embeddable":true,"href":"https:\/\/www.forum-soegel.de\/information\/wp-json\/wp\/v2\/users\/2"}],"replies":[{"embeddable":true,"href":"https:\/\/www.forum-soegel.de\/information\/wp-json\/wp\/v2\/comments?post=4305"}],"version-history":[{"count":1,"href":"https:\/\/www.forum-soegel.de\/information\/wp-json\/wp\/v2\/posts\/4305\/revisions"}],"predecessor-version":[{"id":4307,"href":"https:\/\/www.forum-soegel.de\/information\/wp-json\/wp\/v2\/posts\/4305\/revisions\/4307"}],"wp:attachment":[{"href":"https:\/\/www.forum-soegel.de\/information\/wp-json\/wp\/v2\/media?parent=4305"}],"wp:term":[{"taxonomy":"category","embeddable":true,"href":"https:\/\/www.forum-soegel.de\/information\/wp-json\/wp\/v2\/categories?post=4305"},{"taxonomy":"post_tag","embeddable":true,"href":"https:\/\/www.forum-soegel.de\/information\/wp-json\/wp\/v2\/tags?post=4305"}],"curies":[{"name":"wp","href":"https:\/\/api.w.org\/{rel}","templated":true}]}}