{"id":4299,"date":"2011-02-01T00:51:02","date_gmt":"2011-01-31T23:51:02","guid":{"rendered":"https:\/\/www.forum-soegel.de\/information\/?p=4299"},"modified":"2011-01-29T11:53:48","modified_gmt":"2011-01-29T10:53:48","slug":"3-preis-beim-geschichtstlas-niedersachsen-fur-die-grundschule-gros-bersenhuven","status":"publish","type":"post","link":"https:\/\/www.forum-soegel.de\/information\/2011\/02\/3-preis-beim-geschichtstlas-niedersachsen-fur-die-grundschule-gros-bersenhuven\/","title":{"rendered":"3. Preis beim Geschichts@tlas Niedersachsen f\u00fcr die Grundschule Gro\u00df Ber\u00dfen\/H\u00fcven"},"content":{"rendered":"<p>Die Sch\u00fclerinnen und Sch\u00fcler der ehemaligen Klasse 4 k\u00f6nnen bereits in der Vorweihnachtszeit jubeln und sich freuen \u00fcber die Nachricht der Landesauszeichnung.<\/p>\n<p>Die Jury unter dem Vorsitz von Wissenschaftsministerin Prof. Dr. Johanna Wanka hat entschieden, dass die Klasse 4 des Schuljahres 2009\/2010 der Grundschule\u00a0 Gro\u00df Ber\u00dfen\/H\u00fcven zu den Gewinnern des n21-Wettbewerbes Internet@tlanten Niedersachsen z\u00e4hlen.<\/p>\n<p>Mit dem Projekt \u201eDie H\u00fcvener Wind- und Wasserm\u00fchle \u2013 Lass \u00b4dich treiben\u201c wird die Grundschule f\u00fcr den Geschichtsatlas Niedersachsen mit dem 3. Preis geehrt.<\/p>\n<p>Die Sch\u00fclerinnen und Sch\u00fcler haben im Rahmen des Deutsch- und Sachunterrichts gemeinsam mit den Lehrkr\u00e4ften Matthias Wraga und Ursula M\u00f6hlmann an dem multimedialen Wettbewerb des Landes Niedersachsen teilgenommen.<\/p>\n<p>Unter der Internetadresse https:\/\/www.geschichtsatlas.de\/~gi2\/ kann bereits jetzt der Beitrag eingesehen werden.<\/p>\n<p>Die feierliche \u00dcbergabe der Auszeichnung soll im Februar 2011 im Infozentrum der H\u00fcvener M\u00fchle stattfinden.<\/p>\n<p>Neben der Urkunde erh\u00e4lt die Schule auch einen Geldbetrag in H\u00f6he von 500,- \u20ac.<\/p>\n<p>Laut Aussage der Schulleiterin Mechthild Wigbers kann die Schulgemeinschaft sehr stolz auf die landesweiten Ergebnisse im Rahmen der\u00a0 Internet@tlanten sein.<\/p>\n<p>Internet und PC stehen heutzutage vielen Schulen zur Verf\u00fcgung. Gefragt sind in diesem Zusammenhang Unterrichtskonzepte, die den Einsatz dieser Medien in sinnvollen Sachzusammenh\u00e4ngen erm\u00f6glichen und Medienkompetenz f\u00f6rdern. Diese Inhalte sind auch Grundlage des schuleigenen Medienkonzeptes. Motivierend f\u00fcr die Sch\u00fclerinnen und Sch\u00fcler ist hierbei die Teilnahme an \u00fcberregionalen multimedialen Wettbewerben.<\/p>\n<p>Der Geschichts@tlas bietet hierf\u00fcr einen geeigneten methodisch-didaktischen Rahmen. Au\u00dferdem haben nieders\u00e4chsische Schulen durch die Teilnahme am Geschichts@tlas die M\u00f6glichkeit, ihre Arbeiten an prominenter Stelle im Internet zu pr\u00e4sentieren.<\/p>\n<p>Alle Beitr\u00e4ge werden unter Projekte ver\u00f6ffentlicht. Herausragende Beitr\u00e4ge werden\u00a0 von der Jury mit Preisen pr\u00e4miert.\u00a0 Au\u00dferdem erhalten die Schulen eine Urkunde und Geldbetr\u00e4ge.<\/p>\n<p>Nach Aussage der Schulleiterin Mechthild Wigbers ist die Vorfreude der gesamten Schulgemeinschaft auf die Preisverleihung im Februar 2011 gro\u00df.<\/p>\n<div id=\"attachment_4300\" style=\"width: 310px\" class=\"wp-caption alignnone\"><a href=\"https:\/\/www.forum-soegel.de\/information\/wp-content\/uploads\/2011\/01\/3.-Preis.jpg\"><img loading=\"lazy\" decoding=\"async\" aria-describedby=\"caption-attachment-4300\" class=\"size-medium wp-image-4300\" title=\"3. Preis\" src=\"https:\/\/www.forum-soegel.de\/information\/wp-content\/uploads\/2011\/01\/3.-Preis-300x225.jpg\" alt=\"\" width=\"300\" height=\"225\" srcset=\"https:\/\/www.forum-soegel.de\/information\/wp-content\/uploads\/2011\/01\/3.-Preis-300x225.jpg 300w, https:\/\/www.forum-soegel.de\/information\/wp-content\/uploads\/2011\/01\/3.-Preis.jpg 1024w\" sizes=\"auto, (max-width: 300px) 100vw, 300px\" \/><\/a><p id=\"caption-attachment-4300\" class=\"wp-caption-text\">Projektteam: Ehemalige Sch\u00fclerinnen und Sch\u00fcler der Klasse 4, Ursula M\u00f6hlmann (Sachunterrichtslehrerin) und Matthias Wraga (Klassenlehrer)<\/p><\/div>\n","protected":false},"excerpt":{"rendered":"Die Sch\u00fclerinnen und Sch\u00fcler der ehemaligen Klasse 4 k\u00f6nnen bereits in der Vorweihnachtszeit jubeln und sich freuen \u00fcber die Nachricht der Landesauszeichnung. Die Jury unter dem Vorsitz von Wissenschaftsministerin Prof. Dr. Johanna Wanka hat entschieden, dass die Klasse 4 des Schuljahres 2009\/2010 der Grundschule\u00a0 Gro\u00df Ber\u00dfen\/H\u00fcven zu den Gewinnern des n21-Wettbewerbes Internet@tlanten Niedersachsen z\u00e4hlen. Mit [&hellip;]\n","protected":false},"author":2,"featured_media":0,"comment_status":"closed","ping_status":"closed","sticky":false,"template":"","format":"standard","meta":{"ngg_post_thumbnail":0,"footnotes":""},"categories":[6],"tags":[572,367],"class_list":["post-4299","post","type-post","status-publish","format-standard","hentry","category-aus-der-schule-geplaudert","tag-geschichtsatlas","tag-grundschule"],"_links":{"self":[{"href":"https:\/\/www.forum-soegel.de\/information\/wp-json\/wp\/v2\/posts\/4299","targetHints":{"allow":["GET"]}}],"collection":[{"href":"https:\/\/www.forum-soegel.de\/information\/wp-json\/wp\/v2\/posts"}],"about":[{"href":"https:\/\/www.forum-soegel.de\/information\/wp-json\/wp\/v2\/types\/post"}],"author":[{"embeddable":true,"href":"https:\/\/www.forum-soegel.de\/information\/wp-json\/wp\/v2\/users\/2"}],"replies":[{"embeddable":true,"href":"https:\/\/www.forum-soegel.de\/information\/wp-json\/wp\/v2\/comments?post=4299"}],"version-history":[{"count":1,"href":"https:\/\/www.forum-soegel.de\/information\/wp-json\/wp\/v2\/posts\/4299\/revisions"}],"predecessor-version":[{"id":4301,"href":"https:\/\/www.forum-soegel.de\/information\/wp-json\/wp\/v2\/posts\/4299\/revisions\/4301"}],"wp:attachment":[{"href":"https:\/\/www.forum-soegel.de\/information\/wp-json\/wp\/v2\/media?parent=4299"}],"wp:term":[{"taxonomy":"category","embeddable":true,"href":"https:\/\/www.forum-soegel.de\/information\/wp-json\/wp\/v2\/categories?post=4299"},{"taxonomy":"post_tag","embeddable":true,"href":"https:\/\/www.forum-soegel.de\/information\/wp-json\/wp\/v2\/tags?post=4299"}],"curies":[{"name":"wp","href":"https:\/\/api.w.org\/{rel}","templated":true}]}}