{"id":4292,"date":"2011-02-01T00:43:47","date_gmt":"2011-01-31T23:43:47","guid":{"rendered":"https:\/\/www.forum-soegel.de\/information\/?p=4292"},"modified":"2011-01-29T11:47:45","modified_gmt":"2011-01-29T10:47:45","slug":"preisausschreiben-zur-imagebroschure-%e2%80%9etradition-hat-zukunft%e2%80%9c","status":"publish","type":"post","link":"https:\/\/www.forum-soegel.de\/information\/2011\/02\/preisausschreiben-zur-imagebroschure-%e2%80%9etradition-hat-zukunft%e2%80%9c\/","title":{"rendered":"Preisausschreiben zur Imagebrosch\u00fcre \u201eTradition hat Zukunft\u201c"},"content":{"rendered":"<p>Zur Teilnahme an einem Preisausschreiben hatte die Raiffeisenbank Emsland Mitte eG im Rahmen der neuen Imagebrosch\u00fcre \u201eTradition hat Zukunft\u201c aufgefordert. Drei Preise im Gesamtwert von 2.000 Euro waren zu gewinnen: Der 1. Preis war ein LED-Fernseher, der 2. Preis ein Fahrrad und der 3. Preis beinhaltete ein Heimkinosystem. Unter den Zahlreichen Einsendungen wurden Corinna Wilmes, Nadine Jansen und\u00a0 Hans-Ulrich Sievers als Gewinner ermittelt. Wilhelm Behnen und Hans Wolken von der Raiffeisenbank \u00fcberreichten die Gutscheine f\u00fcr die Pr\u00e4sente im Rahmen einer kleinen Feierstunde.<\/p>\n<div id=\"attachment_4294\" style=\"width: 310px\" class=\"wp-caption alignnone\"><a href=\"https:\/\/www.forum-soegel.de\/information\/wp-content\/uploads\/2011\/02\/Raiba-Emsland-Mitte-Preisausschreiben-2011.jpg\"><img loading=\"lazy\" decoding=\"async\" aria-describedby=\"caption-attachment-4294\" class=\"size-medium wp-image-4294\" title=\"Raiba Emsland Mitte Preisausschreiben 2011\" src=\"https:\/\/www.forum-soegel.de\/information\/wp-content\/uploads\/2011\/02\/Raiba-Emsland-Mitte-Preisausschreiben-2011-300x225.jpg\" alt=\"\" width=\"300\" height=\"225\" srcset=\"https:\/\/www.forum-soegel.de\/information\/wp-content\/uploads\/2011\/02\/Raiba-Emsland-Mitte-Preisausschreiben-2011-300x225.jpg 300w, https:\/\/www.forum-soegel.de\/information\/wp-content\/uploads\/2011\/02\/Raiba-Emsland-Mitte-Preisausschreiben-2011.jpg 1024w\" sizes=\"auto, (max-width: 300px) 100vw, 300px\" \/><\/a><p id=\"caption-attachment-4294\" class=\"wp-caption-text\">Die Gewinner halten einen Gutschein in der Hand, den sie in den bezeichneten Fachgesch\u00e4ften einl\u00f6sen k\u00f6nnen. v.l. Wilhelm Behnen, Hans-Ulrich Sievers, Werpeloh (3.Preis), Nadine Jansen, Lahn (2.Preis) und Corinna Wilmes, Klein Ber\u00dfen (1. Preis) und Hans Wolken. <\/p><\/div>\n","protected":false},"excerpt":{"rendered":"Zur Teilnahme an einem Preisausschreiben hatte die Raiffeisenbank Emsland Mitte eG im Rahmen der neuen Imagebrosch\u00fcre \u201eTradition hat Zukunft\u201c aufgefordert. Drei Preise im Gesamtwert von 2.000 Euro waren zu gewinnen: Der 1. Preis war ein LED-Fernseher, der 2. Preis ein Fahrrad und der 3. Preis beinhaltete ein Heimkinosystem. Unter den Zahlreichen Einsendungen wurden Corinna Wilmes, [&hellip;]\n","protected":false},"author":2,"featured_media":0,"comment_status":"closed","ping_status":"closed","sticky":false,"template":"","format":"standard","meta":{"ngg_post_thumbnail":0,"footnotes":""},"categories":[4],"tags":[203],"class_list":["post-4292","post","type-post","status-publish","format-standard","hentry","category-aus-der-geschaftswelt","tag-raiffeisenbank"],"_links":{"self":[{"href":"https:\/\/www.forum-soegel.de\/information\/wp-json\/wp\/v2\/posts\/4292","targetHints":{"allow":["GET"]}}],"collection":[{"href":"https:\/\/www.forum-soegel.de\/information\/wp-json\/wp\/v2\/posts"}],"about":[{"href":"https:\/\/www.forum-soegel.de\/information\/wp-json\/wp\/v2\/types\/post"}],"author":[{"embeddable":true,"href":"https:\/\/www.forum-soegel.de\/information\/wp-json\/wp\/v2\/users\/2"}],"replies":[{"embeddable":true,"href":"https:\/\/www.forum-soegel.de\/information\/wp-json\/wp\/v2\/comments?post=4292"}],"version-history":[{"count":2,"href":"https:\/\/www.forum-soegel.de\/information\/wp-json\/wp\/v2\/posts\/4292\/revisions"}],"predecessor-version":[{"id":4295,"href":"https:\/\/www.forum-soegel.de\/information\/wp-json\/wp\/v2\/posts\/4292\/revisions\/4295"}],"wp:attachment":[{"href":"https:\/\/www.forum-soegel.de\/information\/wp-json\/wp\/v2\/media?parent=4292"}],"wp:term":[{"taxonomy":"category","embeddable":true,"href":"https:\/\/www.forum-soegel.de\/information\/wp-json\/wp\/v2\/categories?post=4292"},{"taxonomy":"post_tag","embeddable":true,"href":"https:\/\/www.forum-soegel.de\/information\/wp-json\/wp\/v2\/tags?post=4292"}],"curies":[{"name":"wp","href":"https:\/\/api.w.org\/{rel}","templated":true}]}}