{"id":4250,"date":"2011-02-01T00:47:04","date_gmt":"2011-01-31T23:47:04","guid":{"rendered":"https:\/\/www.forum-soegel.de\/information\/?p=4250"},"modified":"2011-01-29T09:50:08","modified_gmt":"2011-01-29T08:50:08","slug":"dank-und-anerkennung","status":"publish","type":"post","link":"https:\/\/www.forum-soegel.de\/information\/2011\/02\/dank-und-anerkennung\/","title":{"rendered":"Dank und Anerkennung"},"content":{"rendered":"<p>Anl\u00e4sslich des Neujahrsempfang im Heimathaus sprach Heiner Wellenbrock im Namen der Kommune Walburga Kohnen, Theo Schmees, Wilhelm Masbaum und Hans Hanekamp Dank und Anerkennung f\u00fcr verdienstvollen ehrenamtlichen Einsatz aus.<\/p>\n<p>Kohnen wirkte unter anderem viele Jahre als Dirigentin des Singkreises, den sie auch mit ins Leben gerufen hatte. Schmees ist Gr\u00fcndungsvorsitzender des Fremdenverkehrsvereins und leitete diesen rund 20 Jahre. Masbaum bem\u00fcht sich mit gro\u00dfem Engagement als Vorsitzender des Arbeitskreises Alt-Wahn um die Schaffung einer Erinnerungsst\u00e4tte in der ehemaligen Dorfstelle Wahn. Und Hanekamp ist langj\u00e4hriger Dirigent der Kolpingkapelle, die den Neujahrsempfang auch musikalisch umrahmte.<\/p>\n<p><a href=\"https:\/\/www.forum-soegel.de\/information\/wp-content\/uploads\/2011\/01\/Dank-und-Anerkennung.jpg\"><img loading=\"lazy\" decoding=\"async\" class=\"alignnone size-medium wp-image-4251\" title=\"Dank und Anerkennung\" src=\"https:\/\/www.forum-soegel.de\/information\/wp-content\/uploads\/2011\/01\/Dank-und-Anerkennung-300x225.jpg\" alt=\"\" width=\"300\" height=\"225\" srcset=\"https:\/\/www.forum-soegel.de\/information\/wp-content\/uploads\/2011\/01\/Dank-und-Anerkennung-300x225.jpg 300w, https:\/\/www.forum-soegel.de\/information\/wp-content\/uploads\/2011\/01\/Dank-und-Anerkennung.jpg 1024w\" sizes=\"auto, (max-width: 300px) 100vw, 300px\" \/><\/a><\/p>\n","protected":false},"excerpt":{"rendered":"Anl\u00e4sslich des Neujahrsempfang im Heimathaus sprach Heiner Wellenbrock im Namen der Kommune Walburga Kohnen, Theo Schmees, Wilhelm Masbaum und Hans Hanekamp Dank und Anerkennung f\u00fcr verdienstvollen ehrenamtlichen Einsatz aus. Kohnen wirkte unter anderem viele Jahre als Dirigentin des Singkreises, den sie auch mit ins Leben gerufen hatte. Schmees ist Gr\u00fcndungsvorsitzender des Fremdenverkehrsvereins und leitete diesen [&hellip;]\n","protected":false},"author":2,"featured_media":0,"comment_status":"closed","ping_status":"closed","sticky":false,"template":"","format":"standard","meta":{"ngg_post_thumbnail":0,"footnotes":""},"categories":[3],"tags":[67],"class_list":["post-4250","post","type-post","status-publish","format-standard","hentry","category-aktuelles-aus-der-region","tag-neujahrsempfang"],"_links":{"self":[{"href":"https:\/\/www.forum-soegel.de\/information\/wp-json\/wp\/v2\/posts\/4250","targetHints":{"allow":["GET"]}}],"collection":[{"href":"https:\/\/www.forum-soegel.de\/information\/wp-json\/wp\/v2\/posts"}],"about":[{"href":"https:\/\/www.forum-soegel.de\/information\/wp-json\/wp\/v2\/types\/post"}],"author":[{"embeddable":true,"href":"https:\/\/www.forum-soegel.de\/information\/wp-json\/wp\/v2\/users\/2"}],"replies":[{"embeddable":true,"href":"https:\/\/www.forum-soegel.de\/information\/wp-json\/wp\/v2\/comments?post=4250"}],"version-history":[{"count":1,"href":"https:\/\/www.forum-soegel.de\/information\/wp-json\/wp\/v2\/posts\/4250\/revisions"}],"predecessor-version":[{"id":4252,"href":"https:\/\/www.forum-soegel.de\/information\/wp-json\/wp\/v2\/posts\/4250\/revisions\/4252"}],"wp:attachment":[{"href":"https:\/\/www.forum-soegel.de\/information\/wp-json\/wp\/v2\/media?parent=4250"}],"wp:term":[{"taxonomy":"category","embeddable":true,"href":"https:\/\/www.forum-soegel.de\/information\/wp-json\/wp\/v2\/categories?post=4250"},{"taxonomy":"post_tag","embeddable":true,"href":"https:\/\/www.forum-soegel.de\/information\/wp-json\/wp\/v2\/tags?post=4250"}],"curies":[{"name":"wp","href":"https:\/\/api.w.org\/{rel}","templated":true}]}}