{"id":42338,"date":"2026-08-01T19:05:10","date_gmt":"2026-08-01T17:05:10","guid":{"rendered":"https:\/\/www.forum-soegel.de\/information\/?p=42338"},"modified":"2026-09-03T19:06:43","modified_gmt":"2026-09-03T17:06:43","slug":"der-huemmling-isst-bunt-einladung-zu-einem-besonderen","status":"publish","type":"post","link":"https:\/\/www.forum-soegel.de\/information\/2026\/08\/der-huemmling-isst-bunt-einladung-zu-einem-besonderen\/","title":{"rendered":"Der H\u00fcmmling is(s)t bunt \u2013 Einladung zu einem besonderen"},"content":{"rendered":"\n<p class=\"wp-block-paragraph\"><strong>Picknick f\u00fcr Vielfalt und Gemeinschaft<\/strong><\/p>\n\n\n\n<p class=\"wp-block-paragraph\">S\u00f6gel &#8211; Unter dem Motto \u201eDer H\u00fcmmling is(s)t bunt\u201c l\u00e4dt die Initiative \u201eEmsland zeigt Gesicht \u2013 Regionalgruppe H\u00fcmmling\u201c am Freitag, den 21.082026, zu einem besonderen Picknick f\u00fcr Vielfalt, Begegnung und Gemeinschaft ein. Von 17 bis etwa 21 Uhr sollen Menschen aus dem gesamten H\u00fcmmling zusammenkommen, miteinander essen und ins Gespr\u00e4ch kommen.<\/p>\n\n\n\n<p class=\"wp-block-paragraph\">Veranstaltungsort ist das Schloss Clemenswerth in S\u00f6gel. Das Picknick findet auf der Allee am Klostergarten statt. Jede und jeder bringt eine Speise f\u00fcr ein gemeinsames Mitbringb\u00fcfett mit. Alle Gerichte sind willkommen. Mit dem Picknick m\u00f6chten die Organisatorinnen und Organisatoren einen Raum schaffen, in dem Offenheit, Respekt und Vielfalt ganz selbstverst\u00e4ndlich gelebt werden.<\/p>\n\n\n\n<p class=\"wp-block-paragraph\">Neben dem gemeinsamen Essen sorgt ein musikalisches Rahmenprogramm f\u00fcr eine angenehme Atmosph\u00e4re. Fragen zum Verein und zur Veranstaltung k\u00f6nnen an huemmling@emsland-zeigt-gesicht.de gerichtet werden. Anmeldungen sind bis zum 7. August 2026 m\u00f6glich.<\/p>\n\n\n\n<p class=\"wp-block-paragraph\">Text: Silvia Kla\u00df<\/p>\n\n\n\n<figure data-wp-context=\"{&quot;galleryId&quot;:&quot;6a9a1f82aac93&quot;}\" data-wp-interactive=\"core\/gallery\" class=\"wp-block-gallery has-nested-images columns-default is-cropped wp-block-gallery-1 is-layout-flex wp-block-gallery-is-layout-flex\">\n<figure data-wp-context=\"{&quot;imageId&quot;:&quot;6a9a1f82ac275&quot;}\" data-wp-interactive=\"core\/image\" data-wp-key=\"6a9a1f82ac275\" class=\"wp-block-image size-large wp-lightbox-container\"><img loading=\"lazy\" decoding=\"async\" width=\"723\" height=\"1024\" data-wp-class--hide=\"state.isContentHidden\" data-wp-class--show=\"state.isContentVisible\" data-wp-init=\"callbacks.setButtonStyles\" data-wp-on--click=\"actions.showLightbox\" data-wp-on--load=\"callbacks.setButtonStyles\" data-wp-on--pointerdown=\"actions.preloadImage\" data-wp-on--pointerenter=\"actions.preloadImageWithDelay\" data-wp-on--pointerleave=\"actions.cancelPreload\" data-wp-on-window--resize=\"callbacks.setButtonStyles\" data-id=\"42339\" src=\"https:\/\/www.forum-soegel.de\/information\/wp-content\/uploads\/2026\/09\/Der-Hu\u2560emmling-isst-bunt-723x1024.jpg\" alt=\"\" class=\"wp-image-42339\" srcset=\"https:\/\/www.forum-soegel.de\/information\/wp-content\/uploads\/2026\/09\/Der-Hu\u2560emmling-isst-bunt-723x1024.jpg 723w, https:\/\/www.forum-soegel.de\/information\/wp-content\/uploads\/2026\/09\/Der-Hu\u2560emmling-isst-bunt-212x300.jpg 212w, https:\/\/www.forum-soegel.de\/information\/wp-content\/uploads\/2026\/09\/Der-Hu\u2560emmling-isst-bunt-768x1087.jpg 768w, https:\/\/www.forum-soegel.de\/information\/wp-content\/uploads\/2026\/09\/Der-Hu\u2560emmling-isst-bunt.jpg 1054w\" sizes=\"auto, (max-width: 723px) 100vw, 723px\" \/><button\n\t\t\tclass=\"lightbox-trigger\"\n\t\t\ttype=\"button\"\n\t\t\taria-haspopup=\"dialog\"\n\t\t\tdata-wp-bind--aria-label=\"state.thisImage.triggerButtonAriaLabel\"\n\t\t\tdata-wp-init=\"callbacks.initTriggerButton\"\n\t\t\tdata-wp-on--click=\"actions.showLightbox\"\n\t\t\tdata-wp-style--right=\"state.thisImage.buttonRight\"\n\t\t\tdata-wp-style--top=\"state.thisImage.buttonTop\"\n\t\t>\n\t\t\t<svg xmlns=\"http:\/\/www.w3.org\/2000\/svg\" width=\"12\" height=\"12\" fill=\"none\" viewBox=\"0 0 12 12\">\n\t\t\t\t<path fill=\"#fff\" d=\"M2 0a2 2 0 0 0-2 2v2h1.5V2a.5.5 0 0 1 .5-.5h2V0H2Zm2 10.5H2a.5.5 0 0 1-.5-.5V8H0v2a2 2 0 0 0 2 2h2v-1.5ZM8 12v-1.5h2a.5.5 0 0 0 .5-.5V8H12v2a2 2 0 0 1-2 2H8Zm2-12a2 2 0 0 1 2 2v2h-1.5V2a.5.5 0 0 0-.5-.5H8V0h2Z\" \/>\n\t\t\t<\/svg>\n\t\t<\/button><\/figure>\n\n\n\n<figure data-wp-context=\"{&quot;imageId&quot;:&quot;6a9a1f82acd5d&quot;}\" data-wp-interactive=\"core\/image\" data-wp-key=\"6a9a1f82acd5d\" class=\"wp-block-image size-large wp-lightbox-container\"><img loading=\"lazy\" decoding=\"async\" width=\"572\" height=\"1024\" data-wp-class--hide=\"state.isContentHidden\" data-wp-class--show=\"state.isContentVisible\" data-wp-init=\"callbacks.setButtonStyles\" data-wp-on--click=\"actions.showLightbox\" data-wp-on--load=\"callbacks.setButtonStyles\" data-wp-on--pointerdown=\"actions.preloadImage\" data-wp-on--pointerenter=\"actions.preloadImageWithDelay\" data-wp-on--pointerleave=\"actions.cancelPreload\" data-wp-on-window--resize=\"callbacks.setButtonStyles\" data-id=\"42340\" src=\"https:\/\/www.forum-soegel.de\/information\/wp-content\/uploads\/2026\/09\/Hutkonzert-mit-Bruni-572x1024.png\" alt=\"\" class=\"wp-image-42340\" srcset=\"https:\/\/www.forum-soegel.de\/information\/wp-content\/uploads\/2026\/09\/Hutkonzert-mit-Bruni-572x1024.png 572w, https:\/\/www.forum-soegel.de\/information\/wp-content\/uploads\/2026\/09\/Hutkonzert-mit-Bruni-167x300.png 167w, https:\/\/www.forum-soegel.de\/information\/wp-content\/uploads\/2026\/09\/Hutkonzert-mit-Bruni.png 768w\" sizes=\"auto, (max-width: 572px) 100vw, 572px\" \/><button\n\t\t\tclass=\"lightbox-trigger\"\n\t\t\ttype=\"button\"\n\t\t\taria-haspopup=\"dialog\"\n\t\t\tdata-wp-bind--aria-label=\"state.thisImage.triggerButtonAriaLabel\"\n\t\t\tdata-wp-init=\"callbacks.initTriggerButton\"\n\t\t\tdata-wp-on--click=\"actions.showLightbox\"\n\t\t\tdata-wp-style--right=\"state.thisImage.buttonRight\"\n\t\t\tdata-wp-style--top=\"state.thisImage.buttonTop\"\n\t\t>\n\t\t\t<svg xmlns=\"http:\/\/www.w3.org\/2000\/svg\" width=\"12\" height=\"12\" fill=\"none\" viewBox=\"0 0 12 12\">\n\t\t\t\t<path fill=\"#fff\" d=\"M2 0a2 2 0 0 0-2 2v2h1.5V2a.5.5 0 0 1 .5-.5h2V0H2Zm2 10.5H2a.5.5 0 0 1-.5-.5V8H0v2a2 2 0 0 0 2 2h2v-1.5ZM8 12v-1.5h2a.5.5 0 0 0 .5-.5V8H12v2a2 2 0 0 1-2 2H8Zm2-12a2 2 0 0 1 2 2v2h-1.5V2a.5.5 0 0 0-.5-.5H8V0h2Z\" \/>\n\t\t\t<\/svg>\n\t\t<\/button><\/figure>\n<\/figure>\n","protected":false},"excerpt":{"rendered":"Picknick f\u00fcr Vielfalt und Gemeinschaft S\u00f6gel &#8211; Unter dem Motto \u201eDer H\u00fcmmling is(s)t bunt\u201c l\u00e4dt die Initiative \u201eEmsland zeigt Gesicht \u2013 Regionalgruppe H\u00fcmmling\u201c am Freitag, den 21.082026, zu einem besonderen Picknick f\u00fcr Vielfalt, Begegnung und Gemeinschaft ein. Von 17 bis etwa 21 Uhr sollen Menschen aus dem gesamten H\u00fcmmling zusammenkommen, miteinander essen und ins Gespr\u00e4ch [&hellip;]\n","protected":false},"author":2,"featured_media":0,"comment_status":"closed","ping_status":"closed","sticky":false,"template":"","format":"standard","meta":{"ngg_post_thumbnail":0,"footnotes":""},"categories":[11],"tags":[],"class_list":["post-42338","post","type-post","status-publish","format-standard","hentry","category-termine"],"_links":{"self":[{"href":"https:\/\/www.forum-soegel.de\/information\/wp-json\/wp\/v2\/posts\/42338","targetHints":{"allow":["GET"]}}],"collection":[{"href":"https:\/\/www.forum-soegel.de\/information\/wp-json\/wp\/v2\/posts"}],"about":[{"href":"https:\/\/www.forum-soegel.de\/information\/wp-json\/wp\/v2\/types\/post"}],"author":[{"embeddable":true,"href":"https:\/\/www.forum-soegel.de\/information\/wp-json\/wp\/v2\/users\/2"}],"replies":[{"embeddable":true,"href":"https:\/\/www.forum-soegel.de\/information\/wp-json\/wp\/v2\/comments?post=42338"}],"version-history":[{"count":1,"href":"https:\/\/www.forum-soegel.de\/information\/wp-json\/wp\/v2\/posts\/42338\/revisions"}],"predecessor-version":[{"id":42341,"href":"https:\/\/www.forum-soegel.de\/information\/wp-json\/wp\/v2\/posts\/42338\/revisions\/42341"}],"wp:attachment":[{"href":"https:\/\/www.forum-soegel.de\/information\/wp-json\/wp\/v2\/media?parent=42338"}],"wp:term":[{"taxonomy":"category","embeddable":true,"href":"https:\/\/www.forum-soegel.de\/information\/wp-json\/wp\/v2\/categories?post=42338"},{"taxonomy":"post_tag","embeddable":true,"href":"https:\/\/www.forum-soegel.de\/information\/wp-json\/wp\/v2\/tags?post=42338"}],"curies":[{"name":"wp","href":"https:\/\/api.w.org\/{rel}","templated":true}]}}