{"id":42335,"date":"2026-08-01T19:03:39","date_gmt":"2026-08-01T17:03:39","guid":{"rendered":"https:\/\/www.forum-soegel.de\/information\/?p=42335"},"modified":"2026-09-03T19:05:05","modified_gmt":"2026-09-03T17:05:05","slug":"gemeindeumfrage-zur-zukunft-unserer-pfarreiengemeinschaft","status":"publish","type":"post","link":"https:\/\/www.forum-soegel.de\/information\/2026\/08\/gemeindeumfrage-zur-zukunft-unserer-pfarreiengemeinschaft\/","title":{"rendered":"Gemeindeumfrage zur Zukunft unserer Pfarreiengemeinschaft"},"content":{"rendered":"\n<p class=\"wp-block-paragraph\">\u2022&nbsp;&nbsp;&nbsp;&nbsp;&nbsp;&nbsp;&nbsp;&nbsp;&nbsp;&nbsp;&nbsp;&nbsp; Was ist Ihnen an unserer Pfarreiengemeinschaft wichtig?<\/p>\n\n\n\n<p class=\"wp-block-paragraph\">\u2022&nbsp;&nbsp;&nbsp;&nbsp;&nbsp;&nbsp;&nbsp;&nbsp;&nbsp;&nbsp;&nbsp;&nbsp; Was sch\u00e4tzen Sie besonders?<\/p>\n\n\n\n<p class=\"wp-block-paragraph\">\u2022&nbsp;&nbsp;&nbsp;&nbsp;&nbsp;&nbsp;&nbsp;&nbsp;&nbsp;&nbsp;&nbsp;&nbsp; Wo sehen Sie Ver\u00e4nderungen als notwendig an?<\/p>\n\n\n\n<p class=\"wp-block-paragraph\">\u2022&nbsp;&nbsp;&nbsp;&nbsp;&nbsp;&nbsp;&nbsp;&nbsp;&nbsp;&nbsp;&nbsp;&nbsp; Und was w\u00fcnschen Sie sich f\u00fcr die Zukunft unserer 6 Kirchen und der Kapelle?<\/p>\n\n\n\n<p class=\"wp-block-paragraph\">Mit unserer Gemeindeumfrage laden wir Sie herzlich ein, Ihre Sicht einzubringen. Die Umfrage ist anonym und kann in wenigen Minuten online ausgef\u00fcllt werden. Sie richtet sich an alle: Menschen, denen die Kirche fremd geworden ist, regelm\u00e4\u00dfige Gottesdienstbesucherinnen und -besucher, Ehrenamtliche, Familien, Jugendliche, Menschen mit loser Kirchenbindung und alle, die sich unserer Kirche vor Ort verbunden f\u00fchlen.<\/p>\n\n\n\n<p class=\"wp-block-paragraph\">So nehmen Sie teil: https:\/\/survey.lamapoll.de\/Dorf\u2014Gemeinde\u2014Kirche<\/p>\n\n\n\n<p class=\"wp-block-paragraph\">Scannen Sie einfach den QR-Code im Beitragsbild oder nutzen Sie den angegebenen Link zur Umfrage oder holen Sie sich die Gemeindeumfrage aus der Kirche und f\u00fcllen Sie sie bequem zu Hause aus und geben Sie die Umfrage anschlie\u00dfend im Pfarrhaus ab.<\/p>\n\n\n\n<p class=\"wp-block-paragraph\">Dauer der Umfrage: ca. 5\u20138 Minuten<\/p>\n\n\n\n<p class=\"wp-block-paragraph\">Teilnahme: anonym<\/p>\n\n\n\n<p class=\"wp-block-paragraph\">Zeitraum: bis zum 31. August 2026<\/p>\n\n\n\n<p class=\"wp-block-paragraph\">Wir danken Ihnen herzlich f\u00fcr Ihre Beteiligung und Ihr Vertrauen.<\/p>\n\n\n\n<p class=\"wp-block-paragraph\">Text: Pastoralteam<\/p>\n\n\n\n<figure data-wp-context=\"{&quot;imageId&quot;:&quot;6a9a234be50f9&quot;}\" data-wp-interactive=\"core\/image\" data-wp-key=\"6a9a234be50f9\" class=\"wp-block-image size-large wp-lightbox-container\"><img loading=\"lazy\" decoding=\"async\" width=\"1024\" height=\"632\" data-wp-class--hide=\"state.isContentHidden\" data-wp-class--show=\"state.isContentVisible\" data-wp-init=\"callbacks.setButtonStyles\" data-wp-on--click=\"actions.showLightbox\" data-wp-on--load=\"callbacks.setButtonStyles\" data-wp-on--pointerdown=\"actions.preloadImage\" data-wp-on--pointerenter=\"actions.preloadImageWithDelay\" data-wp-on--pointerleave=\"actions.cancelPreload\" data-wp-on-window--resize=\"callbacks.setButtonStyles\" src=\"https:\/\/www.forum-soegel.de\/information\/wp-content\/uploads\/2026\/09\/Gemeindeumfrage-zur-Zukunft-unserer-Pfarreiengemeinschaft-1024x632.png\" alt=\"\" class=\"wp-image-42336\" srcset=\"https:\/\/www.forum-soegel.de\/information\/wp-content\/uploads\/2026\/09\/Gemeindeumfrage-zur-Zukunft-unserer-Pfarreiengemeinschaft-1024x632.png 1024w, https:\/\/www.forum-soegel.de\/information\/wp-content\/uploads\/2026\/09\/Gemeindeumfrage-zur-Zukunft-unserer-Pfarreiengemeinschaft-300x185.png 300w, https:\/\/www.forum-soegel.de\/information\/wp-content\/uploads\/2026\/09\/Gemeindeumfrage-zur-Zukunft-unserer-Pfarreiengemeinschaft-768x474.png 768w, https:\/\/www.forum-soegel.de\/information\/wp-content\/uploads\/2026\/09\/Gemeindeumfrage-zur-Zukunft-unserer-Pfarreiengemeinschaft.png 1200w\" sizes=\"auto, (max-width: 1024px) 100vw, 1024px\" \/><button\n\t\t\tclass=\"lightbox-trigger\"\n\t\t\ttype=\"button\"\n\t\t\taria-haspopup=\"dialog\"\n\t\t\tdata-wp-bind--aria-label=\"state.thisImage.triggerButtonAriaLabel\"\n\t\t\tdata-wp-init=\"callbacks.initTriggerButton\"\n\t\t\tdata-wp-on--click=\"actions.showLightbox\"\n\t\t\tdata-wp-style--right=\"state.thisImage.buttonRight\"\n\t\t\tdata-wp-style--top=\"state.thisImage.buttonTop\"\n\t\t>\n\t\t\t<svg xmlns=\"http:\/\/www.w3.org\/2000\/svg\" width=\"12\" height=\"12\" fill=\"none\" viewBox=\"0 0 12 12\">\n\t\t\t\t<path fill=\"#fff\" d=\"M2 0a2 2 0 0 0-2 2v2h1.5V2a.5.5 0 0 1 .5-.5h2V0H2Zm2 10.5H2a.5.5 0 0 1-.5-.5V8H0v2a2 2 0 0 0 2 2h2v-1.5ZM8 12v-1.5h2a.5.5 0 0 0 .5-.5V8H12v2a2 2 0 0 1-2 2H8Zm2-12a2 2 0 0 1 2 2v2h-1.5V2a.5.5 0 0 0-.5-.5H8V0h2Z\" \/>\n\t\t\t<\/svg>\n\t\t<\/button><\/figure>\n","protected":false},"excerpt":{"rendered":"\u2022&nbsp;&nbsp;&nbsp;&nbsp;&nbsp;&nbsp;&nbsp;&nbsp;&nbsp;&nbsp;&nbsp;&nbsp; Was ist Ihnen an unserer Pfarreiengemeinschaft wichtig? \u2022&nbsp;&nbsp;&nbsp;&nbsp;&nbsp;&nbsp;&nbsp;&nbsp;&nbsp;&nbsp;&nbsp;&nbsp; Was sch\u00e4tzen Sie besonders? \u2022&nbsp;&nbsp;&nbsp;&nbsp;&nbsp;&nbsp;&nbsp;&nbsp;&nbsp;&nbsp;&nbsp;&nbsp; Wo sehen Sie Ver\u00e4nderungen als notwendig an? \u2022&nbsp;&nbsp;&nbsp;&nbsp;&nbsp;&nbsp;&nbsp;&nbsp;&nbsp;&nbsp;&nbsp;&nbsp; Und was w\u00fcnschen Sie sich f\u00fcr die Zukunft unserer 6 Kirchen und der Kapelle? Mit unserer Gemeindeumfrage laden wir Sie herzlich ein, Ihre Sicht einzubringen. Die Umfrage ist anonym und kann in wenigen [&hellip;]\n","protected":false},"author":2,"featured_media":0,"comment_status":"closed","ping_status":"closed","sticky":false,"template":"","format":"standard","meta":{"ngg_post_thumbnail":0,"footnotes":""},"categories":[11,868],"tags":[],"class_list":["post-42335","post","type-post","status-publish","format-standard","hentry","category-termine","category-zwischen-himmel-und-erde"],"_links":{"self":[{"href":"https:\/\/www.forum-soegel.de\/information\/wp-json\/wp\/v2\/posts\/42335","targetHints":{"allow":["GET"]}}],"collection":[{"href":"https:\/\/www.forum-soegel.de\/information\/wp-json\/wp\/v2\/posts"}],"about":[{"href":"https:\/\/www.forum-soegel.de\/information\/wp-json\/wp\/v2\/types\/post"}],"author":[{"embeddable":true,"href":"https:\/\/www.forum-soegel.de\/information\/wp-json\/wp\/v2\/users\/2"}],"replies":[{"embeddable":true,"href":"https:\/\/www.forum-soegel.de\/information\/wp-json\/wp\/v2\/comments?post=42335"}],"version-history":[{"count":1,"href":"https:\/\/www.forum-soegel.de\/information\/wp-json\/wp\/v2\/posts\/42335\/revisions"}],"predecessor-version":[{"id":42337,"href":"https:\/\/www.forum-soegel.de\/information\/wp-json\/wp\/v2\/posts\/42335\/revisions\/42337"}],"wp:attachment":[{"href":"https:\/\/www.forum-soegel.de\/information\/wp-json\/wp\/v2\/media?parent=42335"}],"wp:term":[{"taxonomy":"category","embeddable":true,"href":"https:\/\/www.forum-soegel.de\/information\/wp-json\/wp\/v2\/categories?post=42335"},{"taxonomy":"post_tag","embeddable":true,"href":"https:\/\/www.forum-soegel.de\/information\/wp-json\/wp\/v2\/tags?post=42335"}],"curies":[{"name":"wp","href":"https:\/\/api.w.org\/{rel}","templated":true}]}}