{"id":42333,"date":"2026-08-01T19:02:24","date_gmt":"2026-08-01T17:02:24","guid":{"rendered":"https:\/\/www.forum-soegel.de\/information\/?p=42333"},"modified":"2026-09-03T19:03:29","modified_gmt":"2026-09-03T17:03:29","slug":"huemmlische-radtour-zur-langen-nacht-der-museen","status":"publish","type":"post","link":"https:\/\/www.forum-soegel.de\/information\/2026\/08\/huemmlische-radtour-zur-langen-nacht-der-museen\/","title":{"rendered":",,H\u00fcmmlische\u201c Radtour zur ,,Langen Nacht der Museen\u201c"},"content":{"rendered":"\n<p class=\"wp-block-paragraph\"><strong>am 29.08.2026<\/strong><\/p>\n\n\n\n<p class=\"wp-block-paragraph\">S\u00f6gel &#8211; Die S\u00f6gel Marketing GmbH bietet anl\u00e4sslich der \u201eLangen Nacht der Museen\u201c eine gef\u00fchrte Radtour \u00fcber den H\u00fcmmling an, bei der zahlreiche Sehensw\u00fcrdigkeiten und besondere Orte in der Samtgemeinde S\u00f6gel angefahren werden, wo viel Interessantes und Sch\u00f6nes die Teilnehmer erwartet.<\/p>\n\n\n\n<p class=\"wp-block-paragraph\">Heimathaus S\u00f6gel: Besuch der Miniatur-Ausstellung \u201eS\u00f6gel um 1900\u201c und plattdeutsches Morgengebet<\/p>\n\n\n\n<p class=\"wp-block-paragraph\">H\u00fcvener M\u00fchle: kleine Brotzeit mit M\u00fchlenbrot, Schinken und Honig sowie Besichtigung der H\u00fcvener M\u00fchle mit einem M\u00fchlenf\u00fchrer<\/p>\n\n\n\n<p class=\"wp-block-paragraph\">\u201eNatur.Entdecker.Platz\u201c: Vorstellung des Areals mit Remise, Wildblumen- und Streuobstwiese und Glockenturm durch die Oldtimer-Treckerfreunde<\/p>\n\n\n\n<p class=\"wp-block-paragraph\">M\u00fchlenruine Stavern: Begehung mit kleinem Umtrunk<\/p>\n\n\n\n<p class=\"wp-block-paragraph\">Batakhaus und geologischer Pfad in Werpeloh: Besichtigung und Mittagessen&nbsp;<\/p>\n\n\n\n<p class=\"wp-block-paragraph\">Schloss Clemenswerth: Vielf\u00e4ltiges Rahmenprogramm f\u00fcr Gro\u00df und Klein<\/p>\n\n\n\n<p class=\"wp-block-paragraph\">Start der Radtour: Samstag, 29.08.2026, um 09:00 Uhr am Heimathof S\u00f6gel<\/p>\n\n\n\n<p class=\"wp-block-paragraph\">Ende der Radtour: Samstag, 29.08.2026, um ca. 15:30 Uhr am Schloss Clemenswerth<\/p>\n\n\n\n<p class=\"wp-block-paragraph\">Streckenl\u00e4nge: ca. 45 km<\/p>\n\n\n\n<p class=\"wp-block-paragraph\">Preis pro Person: 20,00 EUR inkl. kleiner Brotzeit an der H\u00fcvener M\u00fchle und Mittagessen am Batakhaus in Werpeloh sowie Betreuung der Radtour<\/p>\n\n\n\n<p class=\"wp-block-paragraph\">Hinweis: Die Einrichtungen, die w\u00e4hrend der Radtour besucht werden, w\u00fcrden sich f\u00fcr ihre Vereinsarbeit \u00fcber eine kleine Spende freuen \u2013 der Eintritt zu diesen Einrichtungen ist grunds\u00e4tzlich w\u00e4hrend dieser Radtour aber kostenlos.<\/p>\n\n\n\n<p class=\"wp-block-paragraph\">Anmeldung erforderlich bei der S\u00f6gel Marketing GmbH; Tel. 0 59 52 \u2013 206 400 oder per E-Mail an tourist-info@soegel.de<\/p>\n\n\n\n<p class=\"wp-block-paragraph\">Text: S\u00f6gel Marketing GmbH<\/p>\n","protected":false},"excerpt":{"rendered":"am 29.08.2026 S\u00f6gel &#8211; Die S\u00f6gel Marketing GmbH bietet anl\u00e4sslich der \u201eLangen Nacht der Museen\u201c eine gef\u00fchrte Radtour \u00fcber den H\u00fcmmling an, bei der zahlreiche Sehensw\u00fcrdigkeiten und besondere Orte in der Samtgemeinde S\u00f6gel angefahren werden, wo viel Interessantes und Sch\u00f6nes die Teilnehmer erwartet. Heimathaus S\u00f6gel: Besuch der Miniatur-Ausstellung \u201eS\u00f6gel um 1900\u201c und plattdeutsches Morgengebet H\u00fcvener [&hellip;]\n","protected":false},"author":2,"featured_media":0,"comment_status":"closed","ping_status":"closed","sticky":false,"template":"","format":"standard","meta":{"ngg_post_thumbnail":0,"footnotes":""},"categories":[11],"tags":[],"class_list":["post-42333","post","type-post","status-publish","format-standard","hentry","category-termine"],"_links":{"self":[{"href":"https:\/\/www.forum-soegel.de\/information\/wp-json\/wp\/v2\/posts\/42333","targetHints":{"allow":["GET"]}}],"collection":[{"href":"https:\/\/www.forum-soegel.de\/information\/wp-json\/wp\/v2\/posts"}],"about":[{"href":"https:\/\/www.forum-soegel.de\/information\/wp-json\/wp\/v2\/types\/post"}],"author":[{"embeddable":true,"href":"https:\/\/www.forum-soegel.de\/information\/wp-json\/wp\/v2\/users\/2"}],"replies":[{"embeddable":true,"href":"https:\/\/www.forum-soegel.de\/information\/wp-json\/wp\/v2\/comments?post=42333"}],"version-history":[{"count":1,"href":"https:\/\/www.forum-soegel.de\/information\/wp-json\/wp\/v2\/posts\/42333\/revisions"}],"predecessor-version":[{"id":42334,"href":"https:\/\/www.forum-soegel.de\/information\/wp-json\/wp\/v2\/posts\/42333\/revisions\/42334"}],"wp:attachment":[{"href":"https:\/\/www.forum-soegel.de\/information\/wp-json\/wp\/v2\/media?parent=42333"}],"wp:term":[{"taxonomy":"category","embeddable":true,"href":"https:\/\/www.forum-soegel.de\/information\/wp-json\/wp\/v2\/categories?post=42333"},{"taxonomy":"post_tag","embeddable":true,"href":"https:\/\/www.forum-soegel.de\/information\/wp-json\/wp\/v2\/tags?post=42333"}],"curies":[{"name":"wp","href":"https:\/\/api.w.org\/{rel}","templated":true}]}}