{"id":42330,"date":"2026-08-01T18:59:31","date_gmt":"2026-08-01T16:59:31","guid":{"rendered":"https:\/\/www.forum-soegel.de\/information\/?p=42330"},"modified":"2026-09-03T19:02:16","modified_gmt":"2026-09-03T17:02:16","slug":"lange-nacht-der-museen-und-schlossfestspiele","status":"publish","type":"post","link":"https:\/\/www.forum-soegel.de\/information\/2026\/08\/lange-nacht-der-museen-und-schlossfestspiele\/","title":{"rendered":"Lange Nacht der Museen und Schlossfestspiele"},"content":{"rendered":"\n<p class=\"wp-block-paragraph\"><strong>Kunst, Musik, Geschichte und Familienprogramm \u2013 kostenfrei<\/strong><\/p>\n\n\n<div class=\"wp-block-image\">\n<figure data-wp-context=\"{&quot;imageId&quot;:&quot;6a9a2553085b5&quot;}\" data-wp-interactive=\"core\/image\" data-wp-key=\"6a9a2553085b5\" class=\"alignleft size-large is-resized wp-lightbox-container\"><img loading=\"lazy\" decoding=\"async\" width=\"1024\" height=\"680\" data-wp-class--hide=\"state.isContentHidden\" data-wp-class--show=\"state.isContentVisible\" data-wp-init=\"callbacks.setButtonStyles\" data-wp-on--click=\"actions.showLightbox\" data-wp-on--load=\"callbacks.setButtonStyles\" data-wp-on--pointerdown=\"actions.preloadImage\" data-wp-on--pointerenter=\"actions.preloadImageWithDelay\" data-wp-on--pointerleave=\"actions.cancelPreload\" data-wp-on-window--resize=\"callbacks.setButtonStyles\" src=\"https:\/\/www.forum-soegel.de\/information\/wp-content\/uploads\/2026\/09\/Lange-Nacht-der-Museen-und-Schlossfestspiele-1024x680.jpg\" alt=\"\" class=\"wp-image-42331\" style=\"width:218px;height:auto\" srcset=\"https:\/\/www.forum-soegel.de\/information\/wp-content\/uploads\/2026\/09\/Lange-Nacht-der-Museen-und-Schlossfestspiele-1024x680.jpg 1024w, https:\/\/www.forum-soegel.de\/information\/wp-content\/uploads\/2026\/09\/Lange-Nacht-der-Museen-und-Schlossfestspiele-300x199.jpg 300w, https:\/\/www.forum-soegel.de\/information\/wp-content\/uploads\/2026\/09\/Lange-Nacht-der-Museen-und-Schlossfestspiele-768x510.jpg 768w, https:\/\/www.forum-soegel.de\/information\/wp-content\/uploads\/2026\/09\/Lange-Nacht-der-Museen-und-Schlossfestspiele-1536x1021.jpg 1536w, https:\/\/www.forum-soegel.de\/information\/wp-content\/uploads\/2026\/09\/Lange-Nacht-der-Museen-und-Schlossfestspiele-2048x1361.jpg 2048w\" sizes=\"auto, (max-width: 1024px) 100vw, 1024px\" \/><button\n\t\t\tclass=\"lightbox-trigger\"\n\t\t\ttype=\"button\"\n\t\t\taria-haspopup=\"dialog\"\n\t\t\tdata-wp-bind--aria-label=\"state.thisImage.triggerButtonAriaLabel\"\n\t\t\tdata-wp-init=\"callbacks.initTriggerButton\"\n\t\t\tdata-wp-on--click=\"actions.showLightbox\"\n\t\t\tdata-wp-style--right=\"state.thisImage.buttonRight\"\n\t\t\tdata-wp-style--top=\"state.thisImage.buttonTop\"\n\t\t>\n\t\t\t<svg xmlns=\"http:\/\/www.w3.org\/2000\/svg\" width=\"12\" height=\"12\" fill=\"none\" viewBox=\"0 0 12 12\">\n\t\t\t\t<path fill=\"#fff\" d=\"M2 0a2 2 0 0 0-2 2v2h1.5V2a.5.5 0 0 1 .5-.5h2V0H2Zm2 10.5H2a.5.5 0 0 1-.5-.5V8H0v2a2 2 0 0 0 2 2h2v-1.5ZM8 12v-1.5h2a.5.5 0 0 0 .5-.5V8H12v2a2 2 0 0 1-2 2H8Zm2-12a2 2 0 0 1 2 2v2h-1.5V2a.5.5 0 0 0-.5-.5H8V0h2Z\" \/>\n\t\t\t<\/svg>\n\t\t<\/button><\/figure>\n<\/div>\n\n\n<p class=\"wp-block-paragraph\">S\u00f6gel &#8211; Das Emslandmuseum Schloss Clemenswerth l\u00e4dt am 29. August zur \u201eLangen Nacht der Museen\u201c und den anschlie\u00dfenden Schloss-Festspielen ein. Die historische Schlossanlage wird f\u00fcr eine Nacht und einen Tag zum Treffpunkt f\u00fcr Kulturinteressierte, Familien und Ausfl\u00fcgler.<\/p>\n\n\n\n<p class=\"wp-block-paragraph\">Die Veranstaltung beginnt um 0:00 Uhr mit der Er\u00f6ffnung. Um 0:15 Uhr f\u00fchrt die S\u00f6geler Nachtw\u00e4chterin \u201eWally Wendeln\u201c durch die n\u00e4chtliche Schlossanlage. Zum Sonnenaufgang um 6:30 Uhr erwartet die G\u00e4ste ein besonderes Erlebnis. Es folgen Yoga mit Antje Robbe (8:00 Uhr) sowie Fr\u00fchst\u00fcck mit der Kaffeekutsche und der Backmeisterei (9:00 Uhr).<\/p>\n\n\n\n<p class=\"wp-block-paragraph\">Zeitgleich startet am Heimathof S\u00f6gel die H\u00fcmmlinger Radtour. Ab 10:00 Uhr er\u00f6ffnet der S\u00f6geler M\u00e4nnerchor Harmonie das musikalische Programm. Von 11:00 bis 18:00 Uhr stehen die Schloss-Festspiele mit Familienprogramm, H\u00fcpfburgen, Bastelaktionen und Eis im Mittelpunkt.<\/p>\n\n\n\n<p class=\"wp-block-paragraph\">Erg\u00e4nzt wird das Angebot durch Blitz- und Kost\u00fcmf\u00fchrungen, ein K\u00fcnstlerinnengespr\u00e4ch zur Sonderausstellung \u201eMetamorphose \u2013 Unsere Welt der Insekten\u201c, einen Vortrag des NABU zum insektenfreundlichen Garten, Ballettauff\u00fchrungen sowie das Musikprogramm \u201eClemens\u2019 Mixtape\u201c. Den Abschluss bilden um 18:00 Uhr der Vocal Club S\u00f6gel mit Band und um 19:30 Uhr die Schulband der Schule am Schloss.<\/p>\n\n\n\n<p class=\"wp-block-paragraph\">Text: Joanna Marie Albers<\/p>\n\n\n\n<p class=\"wp-block-paragraph\">Foto: SCH\u00d6NING FOTODESIGN<\/p>\n","protected":false},"excerpt":{"rendered":"Kunst, Musik, Geschichte und Familienprogramm \u2013 kostenfrei S\u00f6gel &#8211; Das Emslandmuseum Schloss Clemenswerth l\u00e4dt am 29. August zur \u201eLangen Nacht der Museen\u201c und den anschlie\u00dfenden Schloss-Festspielen ein. Die historische Schlossanlage wird f\u00fcr eine Nacht und einen Tag zum Treffpunkt f\u00fcr Kulturinteressierte, Familien und Ausfl\u00fcgler. Die Veranstaltung beginnt um 0:00 Uhr mit der Er\u00f6ffnung. Um 0:15 [&hellip;]\n","protected":false},"author":2,"featured_media":0,"comment_status":"closed","ping_status":"closed","sticky":false,"template":"","format":"standard","meta":{"ngg_post_thumbnail":0,"footnotes":""},"categories":[11],"tags":[],"class_list":["post-42330","post","type-post","status-publish","format-standard","hentry","category-termine"],"_links":{"self":[{"href":"https:\/\/www.forum-soegel.de\/information\/wp-json\/wp\/v2\/posts\/42330","targetHints":{"allow":["GET"]}}],"collection":[{"href":"https:\/\/www.forum-soegel.de\/information\/wp-json\/wp\/v2\/posts"}],"about":[{"href":"https:\/\/www.forum-soegel.de\/information\/wp-json\/wp\/v2\/types\/post"}],"author":[{"embeddable":true,"href":"https:\/\/www.forum-soegel.de\/information\/wp-json\/wp\/v2\/users\/2"}],"replies":[{"embeddable":true,"href":"https:\/\/www.forum-soegel.de\/information\/wp-json\/wp\/v2\/comments?post=42330"}],"version-history":[{"count":1,"href":"https:\/\/www.forum-soegel.de\/information\/wp-json\/wp\/v2\/posts\/42330\/revisions"}],"predecessor-version":[{"id":42332,"href":"https:\/\/www.forum-soegel.de\/information\/wp-json\/wp\/v2\/posts\/42330\/revisions\/42332"}],"wp:attachment":[{"href":"https:\/\/www.forum-soegel.de\/information\/wp-json\/wp\/v2\/media?parent=42330"}],"wp:term":[{"taxonomy":"category","embeddable":true,"href":"https:\/\/www.forum-soegel.de\/information\/wp-json\/wp\/v2\/categories?post=42330"},{"taxonomy":"post_tag","embeddable":true,"href":"https:\/\/www.forum-soegel.de\/information\/wp-json\/wp\/v2\/tags?post=42330"}],"curies":[{"name":"wp","href":"https:\/\/api.w.org\/{rel}","templated":true}]}}