{"id":42328,"date":"2026-08-01T18:57:55","date_gmt":"2026-08-01T16:57:55","guid":{"rendered":"https:\/\/www.forum-soegel.de\/information\/?p=42328"},"modified":"2026-09-03T18:59:20","modified_gmt":"2026-09-03T16:59:20","slug":"oeffentliche-veranstaltung-der-cdu-boerger-bier-bratwurst-un-over-use-borger","status":"publish","type":"post","link":"https:\/\/www.forum-soegel.de\/information\/2026\/08\/oeffentliche-veranstaltung-der-cdu-boerger-bier-bratwurst-un-over-use-borger\/","title":{"rendered":"\u00d6ffentliche Veranstaltung der CDU B\u00f6rger: \u201eBier, Bratwurst un over use Borger&#8220;"},"content":{"rendered":"\n<p class=\"wp-block-paragraph\"><strong>20. August 2026 um 19:00 Uhr, Jagd- und Naturkundehaus (Raiffeisenstr. 1)<\/strong><\/p>\n\n\n\n<p class=\"wp-block-paragraph\">Mit dabei:<\/p>\n\n\n\n<p class=\"wp-block-paragraph\">o&nbsp;&nbsp;&nbsp;&nbsp;&nbsp;&nbsp;&nbsp;&nbsp;&nbsp;&nbsp;&nbsp;&nbsp; Jannis Kuper &#8211; Kandidat f\u00fcr das Amt des Samtgemeindeb\u00fcrgermeisters SG S\u00f6gel<\/p>\n\n\n\n<p class=\"wp-block-paragraph\">o\u00a0\u00a0\u00a0\u00a0\u00a0\u00a0\u00a0\u00a0\u00a0\u00a0\u00a0\u00a0 Markus Freese &#8211; gemeinsamer Kandidat der Gemeinden B\u00f6rger, Werpeloh und Spahnharrenst\u00e4tte f\u00fcr den Kreistag LK Emsland<\/p>\n\n\n\n<p class=\"wp-block-paragraph\">o&nbsp;&nbsp;&nbsp;&nbsp;&nbsp;&nbsp;&nbsp;&nbsp;&nbsp;&nbsp;&nbsp;&nbsp; Andreas Jansen \u2013 Kandidat f\u00fcr das Amt des B\u00fcrgermeisters und Gemeindedirektor der Gemeinde B\u00f6rger<\/p>\n\n\n\n<p class=\"wp-block-paragraph\">o&nbsp;&nbsp;&nbsp;&nbsp;&nbsp;&nbsp;&nbsp;&nbsp;&nbsp;&nbsp;&nbsp;&nbsp; Kandidaten der CDU B\u00f6rger f\u00fcr den Gemeinderat und Samtgemeinderat<\/p>\n","protected":false},"excerpt":{"rendered":"20. August 2026 um 19:00 Uhr, Jagd- und Naturkundehaus (Raiffeisenstr. 1) Mit dabei: o&nbsp;&nbsp;&nbsp;&nbsp;&nbsp;&nbsp;&nbsp;&nbsp;&nbsp;&nbsp;&nbsp;&nbsp; Jannis Kuper &#8211; Kandidat f\u00fcr das Amt des Samtgemeindeb\u00fcrgermeisters SG S\u00f6gel o\u00a0\u00a0\u00a0\u00a0\u00a0\u00a0\u00a0\u00a0\u00a0\u00a0\u00a0\u00a0 Markus Freese &#8211; gemeinsamer Kandidat der Gemeinden B\u00f6rger, Werpeloh und Spahnharrenst\u00e4tte f\u00fcr den Kreistag LK Emsland o&nbsp;&nbsp;&nbsp;&nbsp;&nbsp;&nbsp;&nbsp;&nbsp;&nbsp;&nbsp;&nbsp;&nbsp; Andreas Jansen \u2013 Kandidat f\u00fcr das Amt des B\u00fcrgermeisters und Gemeindedirektor der [&hellip;]\n","protected":false},"author":2,"featured_media":0,"comment_status":"closed","ping_status":"closed","sticky":false,"template":"","format":"standard","meta":{"ngg_post_thumbnail":0,"footnotes":""},"categories":[11],"tags":[],"class_list":["post-42328","post","type-post","status-publish","format-standard","hentry","category-termine"],"_links":{"self":[{"href":"https:\/\/www.forum-soegel.de\/information\/wp-json\/wp\/v2\/posts\/42328","targetHints":{"allow":["GET"]}}],"collection":[{"href":"https:\/\/www.forum-soegel.de\/information\/wp-json\/wp\/v2\/posts"}],"about":[{"href":"https:\/\/www.forum-soegel.de\/information\/wp-json\/wp\/v2\/types\/post"}],"author":[{"embeddable":true,"href":"https:\/\/www.forum-soegel.de\/information\/wp-json\/wp\/v2\/users\/2"}],"replies":[{"embeddable":true,"href":"https:\/\/www.forum-soegel.de\/information\/wp-json\/wp\/v2\/comments?post=42328"}],"version-history":[{"count":1,"href":"https:\/\/www.forum-soegel.de\/information\/wp-json\/wp\/v2\/posts\/42328\/revisions"}],"predecessor-version":[{"id":42329,"href":"https:\/\/www.forum-soegel.de\/information\/wp-json\/wp\/v2\/posts\/42328\/revisions\/42329"}],"wp:attachment":[{"href":"https:\/\/www.forum-soegel.de\/information\/wp-json\/wp\/v2\/media?parent=42328"}],"wp:term":[{"taxonomy":"category","embeddable":true,"href":"https:\/\/www.forum-soegel.de\/information\/wp-json\/wp\/v2\/categories?post=42328"},{"taxonomy":"post_tag","embeddable":true,"href":"https:\/\/www.forum-soegel.de\/information\/wp-json\/wp\/v2\/tags?post=42328"}],"curies":[{"name":"wp","href":"https:\/\/api.w.org\/{rel}","templated":true}]}}