{"id":42325,"date":"2026-08-01T18:56:23","date_gmt":"2026-08-01T16:56:23","guid":{"rendered":"https:\/\/www.forum-soegel.de\/information\/?p=42325"},"modified":"2026-09-03T18:57:42","modified_gmt":"2026-09-03T16:57:42","slug":"oeffentliche-diskussion-zukunft-landleben","status":"publish","type":"post","link":"https:\/\/www.forum-soegel.de\/information\/2026\/08\/oeffentliche-diskussion-zukunft-landleben\/","title":{"rendered":"\u00d6ffentliche Diskussion: \u201eZukunft Landleben\u201c"},"content":{"rendered":"<div class=\"wp-block-image\">\n<figure data-wp-context=\"{&quot;imageId&quot;:&quot;6a9a23c0ef843&quot;}\" data-wp-interactive=\"core\/image\" data-wp-key=\"6a9a23c0ef843\" class=\"alignleft size-large is-resized wp-lightbox-container\"><img loading=\"lazy\" decoding=\"async\" width=\"1024\" height=\"768\" data-wp-class--hide=\"state.isContentHidden\" data-wp-class--show=\"state.isContentVisible\" data-wp-init=\"callbacks.setButtonStyles\" data-wp-on--click=\"actions.showLightbox\" data-wp-on--load=\"callbacks.setButtonStyles\" data-wp-on--pointerdown=\"actions.preloadImage\" data-wp-on--pointerenter=\"actions.preloadImageWithDelay\" data-wp-on--pointerleave=\"actions.cancelPreload\" data-wp-on-window--resize=\"callbacks.setButtonStyles\" src=\"https:\/\/www.forum-soegel.de\/information\/wp-content\/uploads\/2026\/09\/Zukunft-Landleben-1024x768.png\" alt=\"\" class=\"wp-image-42326\" style=\"width:362px;height:auto\" srcset=\"https:\/\/www.forum-soegel.de\/information\/wp-content\/uploads\/2026\/09\/Zukunft-Landleben-1024x768.png 1024w, https:\/\/www.forum-soegel.de\/information\/wp-content\/uploads\/2026\/09\/Zukunft-Landleben-300x225.png 300w, https:\/\/www.forum-soegel.de\/information\/wp-content\/uploads\/2026\/09\/Zukunft-Landleben-768x576.png 768w, https:\/\/www.forum-soegel.de\/information\/wp-content\/uploads\/2026\/09\/Zukunft-Landleben.png 1448w\" sizes=\"auto, (max-width: 1024px) 100vw, 1024px\" \/><button\n\t\t\tclass=\"lightbox-trigger\"\n\t\t\ttype=\"button\"\n\t\t\taria-haspopup=\"dialog\"\n\t\t\tdata-wp-bind--aria-label=\"state.thisImage.triggerButtonAriaLabel\"\n\t\t\tdata-wp-init=\"callbacks.initTriggerButton\"\n\t\t\tdata-wp-on--click=\"actions.showLightbox\"\n\t\t\tdata-wp-style--right=\"state.thisImage.buttonRight\"\n\t\t\tdata-wp-style--top=\"state.thisImage.buttonTop\"\n\t\t>\n\t\t\t<svg xmlns=\"http:\/\/www.w3.org\/2000\/svg\" width=\"12\" height=\"12\" fill=\"none\" viewBox=\"0 0 12 12\">\n\t\t\t\t<path fill=\"#fff\" d=\"M2 0a2 2 0 0 0-2 2v2h1.5V2a.5.5 0 0 1 .5-.5h2V0H2Zm2 10.5H2a.5.5 0 0 1-.5-.5V8H0v2a2 2 0 0 0 2 2h2v-1.5ZM8 12v-1.5h2a.5.5 0 0 0 .5-.5V8H12v2a2 2 0 0 1-2 2H8Zm2-12a2 2 0 0 1 2 2v2h-1.5V2a.5.5 0 0 0-.5-.5H8V0h2Z\" \/>\n\t\t\t<\/svg>\n\t\t<\/button><\/figure>\n<\/div>\n\n\n<p class=\"wp-block-paragraph\">Spahnharrenst\u00e4tte &#8211; Wie sieht die Zukunft des Landlebens und der Landwirtschaft im Emsland aus? Wie k\u00f6nnen junge Menschen ihre Region aktiv mitgestalten und sich st\u00e4rker in die Kommunalpolitik einbringen? Mit diesen Fragen besch\u00e4ftigt sich die \u00f6ffentliche Diskussionsveranstaltung \u201eZukunft Landleben\u201c am Montag, 3. August 2026, um 20:00 Uhr im L\u00fcns Hus in Spahnharrenst\u00e4tte.<\/p>\n\n\n\n<p class=\"wp-block-paragraph\">Zu Gast sind Greta Au\u00dfel, Landwirtin und Landratskandidatin, sowie Anno Immenga, Kandidat f\u00fcr das Amt des Samtgemeindeb\u00fcrgermeisters. Gemeinsam mit Landwirtinnen und Landwirten sowie interessierten B\u00fcrgerinnen und B\u00fcrgern werden Themen wie Klimawandel, Innovation, Tierhaltung, B\u00fcrokratie, Fl\u00e4chennutzung und die Zukunft der Familienbetriebe diskutiert. Im Mittelpunkt steht die Frage, wie eine leistungsf\u00e4hige Landwirtschaft und ein attraktiver l\u00e4ndlicher Raum auch k\u00fcnftig erhalten und weiterentwickelt werden k\u00f6nnen.<\/p>\n\n\n\n<p class=\"wp-block-paragraph\">Ein weiterer Schwerpunkt des Abends liegt auf der Jugendbeteiligung. Junge Menschen sollen st\u00e4rker in kommunalpolitische Entscheidungen eingebunden werden und ihre Ideen f\u00fcr die Zukunft des Emslands einbringen k\u00f6nnen. Gemeinsam soll dar\u00fcber diskutiert werden, welche M\u00f6glichkeiten \u2013 etwa ein Jugendparlament, regelm\u00e4\u00dfige Jugendforen oder andere Beteiligungsformate \u2013 geeignet sind, die Interessen der jungen Generation wirksam zu vertreten und sie fr\u00fchzeitig in politische Entscheidungsprozesse einzubeziehen.<\/p>\n\n\n\n<p class=\"wp-block-paragraph\">Der Eintritt ist frei, eine Anmeldung ist nicht erforderlich. Alle Interessierten \u2013 insbesondere junge Menschen \u2013 sind herzlich eingeladen, ihre Fragen, Erfahrungen und Ideen einzubringen und die Zukunft des Landlebens im Emsland aktiv mitzugestalten.<\/p>\n\n\n\n<p class=\"wp-block-paragraph\">Text: Konrad L\u00fcnswilken<\/p>\n\n\n\n<p class=\"wp-block-paragraph\">Fotomontage: UWG Spahnharrenst\u00e4tte<\/p>\n\n\n\n<p class=\"wp-block-paragraph\"><\/p>\n","protected":false},"excerpt":{"rendered":"Spahnharrenst\u00e4tte &#8211; Wie sieht die Zukunft des Landlebens und der Landwirtschaft im Emsland aus? Wie k\u00f6nnen junge Menschen ihre Region aktiv mitgestalten und sich st\u00e4rker in die Kommunalpolitik einbringen? Mit diesen Fragen besch\u00e4ftigt sich die \u00f6ffentliche Diskussionsveranstaltung \u201eZukunft Landleben\u201c am Montag, 3. August 2026, um 20:00 Uhr im L\u00fcns Hus in Spahnharrenst\u00e4tte. Zu Gast sind [&hellip;]\n","protected":false},"author":2,"featured_media":0,"comment_status":"closed","ping_status":"closed","sticky":false,"template":"","format":"standard","meta":{"ngg_post_thumbnail":0,"footnotes":""},"categories":[11],"tags":[],"class_list":["post-42325","post","type-post","status-publish","format-standard","hentry","category-termine"],"_links":{"self":[{"href":"https:\/\/www.forum-soegel.de\/information\/wp-json\/wp\/v2\/posts\/42325","targetHints":{"allow":["GET"]}}],"collection":[{"href":"https:\/\/www.forum-soegel.de\/information\/wp-json\/wp\/v2\/posts"}],"about":[{"href":"https:\/\/www.forum-soegel.de\/information\/wp-json\/wp\/v2\/types\/post"}],"author":[{"embeddable":true,"href":"https:\/\/www.forum-soegel.de\/information\/wp-json\/wp\/v2\/users\/2"}],"replies":[{"embeddable":true,"href":"https:\/\/www.forum-soegel.de\/information\/wp-json\/wp\/v2\/comments?post=42325"}],"version-history":[{"count":1,"href":"https:\/\/www.forum-soegel.de\/information\/wp-json\/wp\/v2\/posts\/42325\/revisions"}],"predecessor-version":[{"id":42327,"href":"https:\/\/www.forum-soegel.de\/information\/wp-json\/wp\/v2\/posts\/42325\/revisions\/42327"}],"wp:attachment":[{"href":"https:\/\/www.forum-soegel.de\/information\/wp-json\/wp\/v2\/media?parent=42325"}],"wp:term":[{"taxonomy":"category","embeddable":true,"href":"https:\/\/www.forum-soegel.de\/information\/wp-json\/wp\/v2\/categories?post=42325"},{"taxonomy":"post_tag","embeddable":true,"href":"https:\/\/www.forum-soegel.de\/information\/wp-json\/wp\/v2\/tags?post=42325"}],"curies":[{"name":"wp","href":"https:\/\/api.w.org\/{rel}","templated":true}]}}