{"id":42319,"date":"2026-08-01T18:53:37","date_gmt":"2026-08-01T16:53:37","guid":{"rendered":"https:\/\/www.forum-soegel.de\/information\/?p=42319"},"modified":"2026-09-03T18:54:55","modified_gmt":"2026-09-03T16:54:55","slug":"gemeinsam-unterwegs-auf-dem-huemmling-pilgertour-laedt-zum-innehalten-ein-2","status":"publish","type":"post","link":"https:\/\/www.forum-soegel.de\/information\/2026\/08\/gemeinsam-unterwegs-auf-dem-huemmling-pilgertour-laedt-zum-innehalten-ein-2\/","title":{"rendered":"Gemeinsam unterwegs auf dem H\u00fcmmling \u2013 Pilgertour l\u00e4dt zum Innehalten ein"},"content":{"rendered":"\n<figure class=\"wp-block-image size-large\"><img loading=\"lazy\" decoding=\"async\" width=\"1024\" height=\"461\" src=\"https:\/\/www.forum-soegel.de\/information\/wp-content\/uploads\/2026\/09\/Gemeinsam-unterwegs-auf-dem-Hu\u2560emmling-1024x461-1.jpg\" alt=\"\" class=\"wp-image-42320\" srcset=\"https:\/\/www.forum-soegel.de\/information\/wp-content\/uploads\/2026\/09\/Gemeinsam-unterwegs-auf-dem-Hu\u2560emmling-1024x461-1.jpg 1024w, https:\/\/www.forum-soegel.de\/information\/wp-content\/uploads\/2026\/09\/Gemeinsam-unterwegs-auf-dem-Hu\u2560emmling-300x135-1.jpg 300w, https:\/\/www.forum-soegel.de\/information\/wp-content\/uploads\/2026\/09\/Gemeinsam-unterwegs-auf-dem-Hu\u2560emmling-767x345-1.jpg 767w, https:\/\/www.forum-soegel.de\/information\/wp-content\/uploads\/2026\/09\/Gemeinsam-unterwegs-auf-dem-Hu\u2560emmling-1536x691-1.jpg 1536w, https:\/\/www.forum-soegel.de\/information\/wp-content\/uploads\/2026\/09\/Gemeinsam-unterwegs-auf-dem-Hu\u2560emmling-.jpg 2000w\" sizes=\"auto, (max-width: 1024px) 100vw, 1024px\" \/><\/figure>\n\n\n\n<p class=\"wp-block-paragraph\">H\u00fcmmling &#8211; Bewegung, Begegnung und Besinnung stehen wieder im Mittelpunkt der H\u00fcmmlinger Pilgertour. Der Marstall Clemenswerth und Jugendkloster Ahmsen e.V. organisiert die mehrt\u00e4gige Pilgerwanderung erneut in Kooperation mit dem H\u00fcmmlinger Pilgerweg e.V.<\/p>\n\n\n\n<p class=\"wp-block-paragraph\">Vom 12. bis zum 16. August 2026 sind Menschen aller Altersgruppen eingeladen, sich gemeinsam auf den Weg zu machen und sich auf vier Tagesetappen mit jeweils etwa 25 Kilometern einzulassen.<\/p>\n\n\n\n<p class=\"wp-block-paragraph\">Die Pilgertour f\u00fchrt entlang des H\u00fcmmlinger Pilgerweges durch die abwechslungsreiche Landschaft der Region, die unter anderem durch die Orte Esterwegen, S\u00f6gel, B\u00f6rger und Werlte verl\u00e4uft. Untergebracht sind die Pilgerinnen und Pilger im Jugendkloster Ahmsen. Von dort aus bringen Busse die Gruppe zu den jeweiligen Startpunkten; am Nachmittag erfolgt die R\u00fcckfahrt.<\/p>\n\n\n\n<p class=\"wp-block-paragraph\">Neben der k\u00f6rperlichen Bewegung steht vor allem die pers\u00f6nliche Erfahrung im Mittelpunkt: Impulse, Zeiten der Stille und spirituelle Angebote wechseln sich mit offenen Programmpunkten am Abend ab.<\/p>\n\n\n\n<p class=\"wp-block-paragraph\">Die Organisatoren verstehen die Pilgertour bewusst als offenes Angebot. Entscheidend sei die Bereitschaft, sich auf den Weg einzulassen. Michael Westermann, Hausleiter des Jugendklosters Ahmsen: \u201eDie H\u00fcmmlinger Pilgertour kreiert eine einmalige Atmosph\u00e4re und schafft Erfahrungen, die lange nachhallen.\u201c<\/p>\n\n\n\n<p class=\"wp-block-paragraph\">Den Abschluss der Pilgerwoche bildet am Samstag ein gemeinsamer Grillabend, bevor die Teilnehmenden am Sonntag an der traditionellen Mari\u00e4-Himmelfahrt-Wallfahrt auf Schloss Clemenswerth teilnehmen. Damit endet die Woche ganz im Sinne des Pilgergedankens.<\/p>\n\n\n\n<p class=\"wp-block-paragraph\">Anmeldung sind ab sofort bis zum 15. Juli 2026 m\u00f6glich unter www.marstall-clemenswerth.de\/pilgerangebote.html. Bei R\u00fcckfragen steht das Jugendkloster Ahmsen unter 05964\/93990 oder jugendkloster@mcjk.de zur Verf\u00fcgung.<\/p>\n\n\n\n<p class=\"wp-block-paragraph\">Text\/Foto: Michael Westermann<\/p>\n","protected":false},"excerpt":{"rendered":"H\u00fcmmling &#8211; Bewegung, Begegnung und Besinnung stehen wieder im Mittelpunkt der H\u00fcmmlinger Pilgertour. Der Marstall Clemenswerth und Jugendkloster Ahmsen e.V. organisiert die mehrt\u00e4gige Pilgerwanderung erneut in Kooperation mit dem H\u00fcmmlinger Pilgerweg e.V. Vom 12. bis zum 16. August 2026 sind Menschen aller Altersgruppen eingeladen, sich gemeinsam auf den Weg zu machen und sich auf vier [&hellip;]\n","protected":false},"author":2,"featured_media":0,"comment_status":"closed","ping_status":"closed","sticky":false,"template":"","format":"standard","meta":{"ngg_post_thumbnail":0,"footnotes":""},"categories":[11],"tags":[],"class_list":["post-42319","post","type-post","status-publish","format-standard","hentry","category-termine"],"_links":{"self":[{"href":"https:\/\/www.forum-soegel.de\/information\/wp-json\/wp\/v2\/posts\/42319","targetHints":{"allow":["GET"]}}],"collection":[{"href":"https:\/\/www.forum-soegel.de\/information\/wp-json\/wp\/v2\/posts"}],"about":[{"href":"https:\/\/www.forum-soegel.de\/information\/wp-json\/wp\/v2\/types\/post"}],"author":[{"embeddable":true,"href":"https:\/\/www.forum-soegel.de\/information\/wp-json\/wp\/v2\/users\/2"}],"replies":[{"embeddable":true,"href":"https:\/\/www.forum-soegel.de\/information\/wp-json\/wp\/v2\/comments?post=42319"}],"version-history":[{"count":1,"href":"https:\/\/www.forum-soegel.de\/information\/wp-json\/wp\/v2\/posts\/42319\/revisions"}],"predecessor-version":[{"id":42321,"href":"https:\/\/www.forum-soegel.de\/information\/wp-json\/wp\/v2\/posts\/42319\/revisions\/42321"}],"wp:attachment":[{"href":"https:\/\/www.forum-soegel.de\/information\/wp-json\/wp\/v2\/media?parent=42319"}],"wp:term":[{"taxonomy":"category","embeddable":true,"href":"https:\/\/www.forum-soegel.de\/information\/wp-json\/wp\/v2\/categories?post=42319"},{"taxonomy":"post_tag","embeddable":true,"href":"https:\/\/www.forum-soegel.de\/information\/wp-json\/wp\/v2\/tags?post=42319"}],"curies":[{"name":"wp","href":"https:\/\/api.w.org\/{rel}","templated":true}]}}