{"id":42314,"date":"2026-08-01T18:51:02","date_gmt":"2026-08-01T16:51:02","guid":{"rendered":"https:\/\/www.forum-soegel.de\/information\/?p=42314"},"modified":"2026-09-03T18:53:26","modified_gmt":"2026-09-03T16:53:26","slug":"bischof-dominicus-meier-wird-zur-soegeler-mariae-himmelfahrts-wallfahrt-erwartet-verkaufsoffener-sonntag","status":"publish","type":"post","link":"https:\/\/www.forum-soegel.de\/information\/2026\/08\/bischof-dominicus-meier-wird-zur-soegeler-mariae-himmelfahrts-wallfahrt-erwartet-verkaufsoffener-sonntag\/","title":{"rendered":"Bischof Dominicus Meier wird zur S\u00f6geler Mari\u00e4-Himmelfahrts-Wallfahrt erwartet \u2013 verkaufsoffener Sonntag"},"content":{"rendered":"\n<p class=\"wp-block-paragraph\"><strong>15.-17. August buntes Treiben auf beiden S\u00f6geler Marktpl\u00e4tzen<\/strong><\/p>\n\n\n\n<p class=\"wp-block-paragraph\">S\u00f6gel &#8211; Wallfahrt und Kirmes geh\u00f6ren in S\u00f6gel zusammen. \u00dcber drei Tage wird von Samstag, 15. August, bis Montag, 17. August, gefeiert. Gestartet wird am Samstag um 14:30 Uhr mit einer Andacht auf dem Marktplatz. Es folgt der traditionelle Seniorennachmittag mit den \u201eTrecksacksp\u00e4lern\u201c, ab 20:00 Uhr beginnt eine Sommernachtsparty mit der Band \u201eaccuracy\u201c. Nach der Andacht starten die Fahrgesch\u00e4fte und am Samstag gibt es verg\u00fcnstigte Preise f\u00fcr Tickets in allen Fahrgesch\u00e4ften. Alles was das Kirmesherz h\u00f6herschlagen l\u00e4sst, ist vor Ort!<\/p>\n\n\n\n<p class=\"wp-block-paragraph\">Am Sonntag startet um 10 Uhr die gro\u00dfe Mari\u00e4-Himmelfahrts-Wallfahrt auf Schloss Clemenswerth. Die heilige Messe mit zahlreichen Abordnungen und G\u00e4sten wird von Bischof Dominicus Meier geleitet. Er wird zum Thema \u201eHab Mut! Steh auf! Glaube! Wie Maria!\u201c die Predigt gestalten. Zeitgleich gibt es eine Kinderkirche im Marstall Clemenswerth.<\/p>\n\n\n\n<p class=\"wp-block-paragraph\">Im Anschluss an den Gottesdienst gibt es auf dem Schlossplatz Zeit f\u00fcr Gespr\u00e4che und einen kleinen Imbiss. Zeitgleich beginnt ab 11.30 Uhr die Kirmes mit Fr\u00fchschoppen. Die Kolpingkapelle S\u00f6gel wird die Mittagsstunden musikalisch umrahmen. Um 13 Uhr beginnt der verkaufsoffene Sonntag. Ab 14:30 Uhr wird Kaffee und Kuchen im Festzelt und unter dem Sonnensegel durch den Sch\u00fctzenverein S\u00f6gel angeboten. Gegen 19 Uhr wird es dann wieder musikalisch. Die Schulband der Schule am Schloss wird mit ihrem Auftritt begeistern.<\/p>\n\n\n\n<p class=\"wp-block-paragraph\">Am Montagmorgen wird der B\u00fcrgermeister der Gemeinde S\u00f6gel, Johannes V\u00f6lker, den Fr\u00fchschoppen mit einem Fassbieranstich er\u00f6ffnen und spendiert die erste Runde. Im Kirmes-Biergarten bietet der Festwirt eine Tischbedienung. Tische k\u00f6nnen im Vorfeld in der S\u00f6gel Marketing GmbH reserviert werden. Die Band \u201eBlack Horses\u201c sorgt am Montag f\u00fcr z\u00fcnftige Musik. Zur After-Work-Party unter dem Motto \u201eS\u00f6gel rockt\u201c wird \u201eDJ Lucky\u201c erwartet. Um 22 Uhr soll mit dem Kirmesfeuerwerk die dreit\u00e4tige Veranstaltung ausklingen.<\/p>\n\n\n\n<p class=\"wp-block-paragraph\">Text: Gemeinde S\u00f6gel<\/p>\n\n\n\n<p class=\"wp-block-paragraph\">Foto: Kapuzinerkloster Clemenswerth<\/p>\n\n\n\n<figure data-wp-context=\"{&quot;galleryId&quot;:&quot;6a9a2275ced5f&quot;}\" data-wp-interactive=\"core\/gallery\" class=\"wp-block-gallery has-nested-images columns-default is-cropped wp-block-gallery-1 is-layout-flex wp-block-gallery-is-layout-flex\">\n<figure data-wp-context=\"{&quot;imageId&quot;:&quot;6a9a2275d1d9d&quot;}\" data-wp-interactive=\"core\/image\" data-wp-key=\"6a9a2275d1d9d\" class=\"wp-block-image size-large wp-lightbox-container\"><img loading=\"lazy\" decoding=\"async\" width=\"734\" height=\"1024\" data-wp-class--hide=\"state.isContentHidden\" data-wp-class--show=\"state.isContentVisible\" data-wp-init=\"callbacks.setButtonStyles\" data-wp-on--click=\"actions.showLightbox\" data-wp-on--load=\"callbacks.setButtonStyles\" data-wp-on--pointerdown=\"actions.preloadImage\" data-wp-on--pointerenter=\"actions.preloadImageWithDelay\" data-wp-on--pointerleave=\"actions.cancelPreload\" data-wp-on-window--resize=\"callbacks.setButtonStyles\" data-id=\"42317\" src=\"https:\/\/www.forum-soegel.de\/information\/wp-content\/uploads\/2026\/09\/Bischof-Dominicus-Meier-wird-zur-So\u2560egeler-Maria\u2560e-Himmelfahrts-Wallfahrt-erwartet-1-1-734x1024.jpg\" alt=\"\" class=\"wp-image-42317\" srcset=\"https:\/\/www.forum-soegel.de\/information\/wp-content\/uploads\/2026\/09\/Bischof-Dominicus-Meier-wird-zur-So\u2560egeler-Maria\u2560e-Himmelfahrts-Wallfahrt-erwartet-1-1-734x1024.jpg 734w, https:\/\/www.forum-soegel.de\/information\/wp-content\/uploads\/2026\/09\/Bischof-Dominicus-Meier-wird-zur-So\u2560egeler-Maria\u2560e-Himmelfahrts-Wallfahrt-erwartet-1-1-215x300.jpg 215w, https:\/\/www.forum-soegel.de\/information\/wp-content\/uploads\/2026\/09\/Bischof-Dominicus-Meier-wird-zur-So\u2560egeler-Maria\u2560e-Himmelfahrts-Wallfahrt-erwartet-1-1-768x1071.jpg 768w, https:\/\/www.forum-soegel.de\/information\/wp-content\/uploads\/2026\/09\/Bischof-Dominicus-Meier-wird-zur-So\u2560egeler-Maria\u2560e-Himmelfahrts-Wallfahrt-erwartet-1-1-1101x1536.jpg 1101w, https:\/\/www.forum-soegel.de\/information\/wp-content\/uploads\/2026\/09\/Bischof-Dominicus-Meier-wird-zur-So\u2560egeler-Maria\u2560e-Himmelfahrts-Wallfahrt-erwartet-1-1.jpg 1170w\" sizes=\"auto, (max-width: 734px) 100vw, 734px\" \/><button\n\t\t\tclass=\"lightbox-trigger\"\n\t\t\ttype=\"button\"\n\t\t\taria-haspopup=\"dialog\"\n\t\t\tdata-wp-bind--aria-label=\"state.thisImage.triggerButtonAriaLabel\"\n\t\t\tdata-wp-init=\"callbacks.initTriggerButton\"\n\t\t\tdata-wp-on--click=\"actions.showLightbox\"\n\t\t\tdata-wp-style--right=\"state.thisImage.buttonRight\"\n\t\t\tdata-wp-style--top=\"state.thisImage.buttonTop\"\n\t\t>\n\t\t\t<svg xmlns=\"http:\/\/www.w3.org\/2000\/svg\" width=\"12\" height=\"12\" fill=\"none\" viewBox=\"0 0 12 12\">\n\t\t\t\t<path fill=\"#fff\" d=\"M2 0a2 2 0 0 0-2 2v2h1.5V2a.5.5 0 0 1 .5-.5h2V0H2Zm2 10.5H2a.5.5 0 0 1-.5-.5V8H0v2a2 2 0 0 0 2 2h2v-1.5ZM8 12v-1.5h2a.5.5 0 0 0 .5-.5V8H12v2a2 2 0 0 1-2 2H8Zm2-12a2 2 0 0 1 2 2v2h-1.5V2a.5.5 0 0 0-.5-.5H8V0h2Z\" \/>\n\t\t\t<\/svg>\n\t\t<\/button><\/figure>\n\n\n\n<figure data-wp-context=\"{&quot;imageId&quot;:&quot;6a9a2275d3127&quot;}\" data-wp-interactive=\"core\/image\" data-wp-key=\"6a9a2275d3127\" class=\"wp-block-image size-large wp-lightbox-container\"><img loading=\"lazy\" decoding=\"async\" width=\"672\" height=\"1024\" data-wp-class--hide=\"state.isContentHidden\" data-wp-class--show=\"state.isContentVisible\" data-wp-init=\"callbacks.setButtonStyles\" data-wp-on--click=\"actions.showLightbox\" data-wp-on--load=\"callbacks.setButtonStyles\" data-wp-on--pointerdown=\"actions.preloadImage\" data-wp-on--pointerenter=\"actions.preloadImageWithDelay\" data-wp-on--pointerleave=\"actions.cancelPreload\" data-wp-on-window--resize=\"callbacks.setButtonStyles\" data-id=\"42316\" src=\"https:\/\/www.forum-soegel.de\/information\/wp-content\/uploads\/2026\/09\/Bischof-Dominicus-Meier-wird-zur-So\u2560egeler-Maria\u2560e-Himmelfahrts-Wallfahrt-erwartet-2-672x1024.jpg\" alt=\"\" class=\"wp-image-42316\" srcset=\"https:\/\/www.forum-soegel.de\/information\/wp-content\/uploads\/2026\/09\/Bischof-Dominicus-Meier-wird-zur-So\u2560egeler-Maria\u2560e-Himmelfahrts-Wallfahrt-erwartet-2-672x1024.jpg 672w, https:\/\/www.forum-soegel.de\/information\/wp-content\/uploads\/2026\/09\/Bischof-Dominicus-Meier-wird-zur-So\u2560egeler-Maria\u2560e-Himmelfahrts-Wallfahrt-erwartet-2-197x300.jpg 197w, https:\/\/www.forum-soegel.de\/information\/wp-content\/uploads\/2026\/09\/Bischof-Dominicus-Meier-wird-zur-So\u2560egeler-Maria\u2560e-Himmelfahrts-Wallfahrt-erwartet-2-768x1169.jpg 768w, https:\/\/www.forum-soegel.de\/information\/wp-content\/uploads\/2026\/09\/Bischof-Dominicus-Meier-wird-zur-So\u2560egeler-Maria\u2560e-Himmelfahrts-Wallfahrt-erwartet-2.jpg 987w\" sizes=\"auto, (max-width: 672px) 100vw, 672px\" \/><button\n\t\t\tclass=\"lightbox-trigger\"\n\t\t\ttype=\"button\"\n\t\t\taria-haspopup=\"dialog\"\n\t\t\tdata-wp-bind--aria-label=\"state.thisImage.triggerButtonAriaLabel\"\n\t\t\tdata-wp-init=\"callbacks.initTriggerButton\"\n\t\t\tdata-wp-on--click=\"actions.showLightbox\"\n\t\t\tdata-wp-style--right=\"state.thisImage.buttonRight\"\n\t\t\tdata-wp-style--top=\"state.thisImage.buttonTop\"\n\t\t>\n\t\t\t<svg xmlns=\"http:\/\/www.w3.org\/2000\/svg\" width=\"12\" height=\"12\" fill=\"none\" viewBox=\"0 0 12 12\">\n\t\t\t\t<path fill=\"#fff\" d=\"M2 0a2 2 0 0 0-2 2v2h1.5V2a.5.5 0 0 1 .5-.5h2V0H2Zm2 10.5H2a.5.5 0 0 1-.5-.5V8H0v2a2 2 0 0 0 2 2h2v-1.5ZM8 12v-1.5h2a.5.5 0 0 0 .5-.5V8H12v2a2 2 0 0 1-2 2H8Zm2-12a2 2 0 0 1 2 2v2h-1.5V2a.5.5 0 0 0-.5-.5H8V0h2Z\" \/>\n\t\t\t<\/svg>\n\t\t<\/button><figcaption class=\"wp-element-caption\">Kopie von Kopie von Kopie von Kopie von Kopie von Kopie von Pink Rosa Feminin Ostern Video Instagram Story &#8211; 1<\/figcaption><\/figure>\n<\/figure>\n","protected":false},"excerpt":{"rendered":"15.-17. August buntes Treiben auf beiden S\u00f6geler Marktpl\u00e4tzen S\u00f6gel &#8211; Wallfahrt und Kirmes geh\u00f6ren in S\u00f6gel zusammen. \u00dcber drei Tage wird von Samstag, 15. August, bis Montag, 17. August, gefeiert. Gestartet wird am Samstag um 14:30 Uhr mit einer Andacht auf dem Marktplatz. Es folgt der traditionelle Seniorennachmittag mit den \u201eTrecksacksp\u00e4lern\u201c, ab 20:00 Uhr beginnt [&hellip;]\n","protected":false},"author":2,"featured_media":0,"comment_status":"closed","ping_status":"closed","sticky":false,"template":"","format":"standard","meta":{"ngg_post_thumbnail":0,"footnotes":""},"categories":[11],"tags":[],"class_list":["post-42314","post","type-post","status-publish","format-standard","hentry","category-termine"],"_links":{"self":[{"href":"https:\/\/www.forum-soegel.de\/information\/wp-json\/wp\/v2\/posts\/42314","targetHints":{"allow":["GET"]}}],"collection":[{"href":"https:\/\/www.forum-soegel.de\/information\/wp-json\/wp\/v2\/posts"}],"about":[{"href":"https:\/\/www.forum-soegel.de\/information\/wp-json\/wp\/v2\/types\/post"}],"author":[{"embeddable":true,"href":"https:\/\/www.forum-soegel.de\/information\/wp-json\/wp\/v2\/users\/2"}],"replies":[{"embeddable":true,"href":"https:\/\/www.forum-soegel.de\/information\/wp-json\/wp\/v2\/comments?post=42314"}],"version-history":[{"count":1,"href":"https:\/\/www.forum-soegel.de\/information\/wp-json\/wp\/v2\/posts\/42314\/revisions"}],"predecessor-version":[{"id":42318,"href":"https:\/\/www.forum-soegel.de\/information\/wp-json\/wp\/v2\/posts\/42314\/revisions\/42318"}],"wp:attachment":[{"href":"https:\/\/www.forum-soegel.de\/information\/wp-json\/wp\/v2\/media?parent=42314"}],"wp:term":[{"taxonomy":"category","embeddable":true,"href":"https:\/\/www.forum-soegel.de\/information\/wp-json\/wp\/v2\/categories?post=42314"},{"taxonomy":"post_tag","embeddable":true,"href":"https:\/\/www.forum-soegel.de\/information\/wp-json\/wp\/v2\/tags?post=42314"}],"curies":[{"name":"wp","href":"https:\/\/api.w.org\/{rel}","templated":true}]}}