{"id":42312,"date":"2026-08-01T18:49:28","date_gmt":"2026-08-01T16:49:28","guid":{"rendered":"https:\/\/www.forum-soegel.de\/information\/?p=42312"},"modified":"2026-09-03T18:50:57","modified_gmt":"2026-09-03T16:50:57","slug":"polizeimeldungen-52","status":"publish","type":"post","link":"https:\/\/www.forum-soegel.de\/information\/2026\/08\/polizeimeldungen-52\/","title":{"rendered":"Polizeimeldungen"},"content":{"rendered":"\n<p class=\"wp-block-paragraph\"><strong>S\u00f6gel \u2013 Polizeiliche Eins\u00e4tze beim Public Viewing<\/strong><\/p>\n\n\n\n<p class=\"wp-block-paragraph\">Am Sonntag, den 14.06. kam es zwischen 21:20 Uhr und 21:45 Uhr beim Public Viewing in S\u00f6gel zu zwei polizeilichen Eins\u00e4tzen. Im ersten Fall kam es zu einer verbalen Auseinandersetzung wobei eine weitere Person bedroht wurde. Bis die Polizeibeamten eintrafen, versuchten mehrere Zeugen zu schlichten.<\/p>\n\n\n\n<p class=\"wp-block-paragraph\">Im zweiten Fall wurden die Einsatzkr\u00e4fte zu einer k\u00f6rperlichen Auseinandersetzung mit f\u00fcnf bis sechs beteiligte Personen gerufen. Die Polizeibeamten konnten die Auseinandersetzung aufl\u00f6sen, jedoch fl\u00fcchteten ein paar der Beteiligten vom Einsatzort. Nach Sachverhaltsaufnahmen wurden gegen drei Personen Platzverweise ausgesprochen.<\/p>\n\n\n\n<p class=\"wp-block-paragraph\">(Zeugen bitte melden: Polizei Werlte &#8211; 05951\/995300)<\/p>\n\n\n\n<p class=\"wp-block-paragraph\"><strong>S\u00f6gel \u2013 Sicherheitsmitarbeiter bei Auseinandersetzung mit Messer bedroht<\/strong><\/p>\n\n\n\n<p class=\"wp-block-paragraph\">Am Samstagabend, den 11.07. kam es gegen 21:17 Uhr in einem Supermarkt an der Sigiltrastra\u00dfe zu einer k\u00f6rperlichen Auseinandersetzung. Ein 34-j\u00e4hriger Sicherheitsmitarbeiter sprach einen unbekannten Mann an und es kam zu einer k\u00f6rperlichen Auseinandersetzung. Der Tatverd\u00e4chtige fl\u00fcchtete anschlie\u00dfend auf den Parkplatz. Dort zog der Unbekannte ein Messer und bedrohte den Sicherheitsmitarbeiter. Anschlie\u00dfend fl\u00fcchtete er zu Fu\u00df. Der 34-J\u00e4hrige wurde bei der Auseinandersetzung leicht verletzt. Die Polizei hat die Ermittlungen wegen eines versuchten schweren Gewaltdelikts aufgenommen. (Zeugen bitte melden: Polizei Lingen &#8211; 0591\/870)<\/p>\n\n\n\n<p class=\"wp-block-paragraph\"><strong>S\u00f6gel \u2013 Gef\u00e4hrliches Fahrman\u00f6ver durch Cross-Motorradfahrer<\/strong><\/p>\n\n\n\n<p class=\"wp-block-paragraph\">Nach bisherigen Erkenntnissen soll ein inzwischen identifizierter 16-j\u00e4hriger Fahrer eines Cross-Motorrades zwischen Samstag, dem 04.07. 22:00 Uhr, und Sonntag, dem 05.07. 02:30 Uhr, im Ortsgebiet durch seine Fahrweise wiederholt andere Verkehrsteilnehmer gef\u00e4hrdet haben und es gab neun Meldungen wegen Ruhest\u00f6rungen. Es kam w\u00e4hrend der Fahrt zu mehreren gef\u00e4hrlichen Situationen und riskanten \u00dcberholman\u00f6vern. (Zeugen bitte melden: Polizei S\u00f6gel &#8211; 05952\/93450)<\/p>\n\n\n\n<p class=\"wp-block-paragraph\"><strong>S\u00f6gel \u2013 Diebstahl von Baumaterialien auf Baustell<\/strong>e<\/p>\n\n\n\n<p class=\"wp-block-paragraph\">Zwischen Freitag, dem 26.06, 13:00 Uhr, und Montag, dem 29.06, 06:00 Uhr, haben unbekannte T\u00e4ter Baumaterialien von einer Baustelle am Nordring entwendet. Sie verschafften sich gewaltsam Zutritt zu den B\u00fcror\u00e4umlichkeiten und entwendeten unter anderem Kupferrohre und ein Bauger\u00fcst (Schadensumme mehrere tausend Euro).<\/p>\n\n\n\n<p class=\"wp-block-paragraph\">(Zeugen bitte melden: Polizei S\u00f6gel &#8211; 05952\/93450)<\/p>\n\n\n\n<p class=\"wp-block-paragraph\"><strong>S\u00f6gel \u2013 Einbruch in Fahrradgesch\u00e4ft &#8211; Drei E-Mountainbikes gestohlen<\/strong><\/p>\n\n\n\n<p class=\"wp-block-paragraph\">Am Donnerstag, den 02.07. kam es gegen 23:53 Uhr an der Stra\u00dfe P\u00fcttkesberge in S\u00f6gel zu einem Einbruch in ein Fahrradgesch\u00e4ft. Die m\u00e4nnlichen T\u00e4ter betraten gewaltsam das Gesch\u00e4ft und entwendeten drei E-Mountainbikes (Wert ca. 17.000 \u20ac).<\/p>\n\n\n\n<p class=\"wp-block-paragraph\">(Zeugen bitte melden: Polizei S\u00f6gel &#8211; 05952\/93450)<\/p>\n\n\n\n<p class=\"wp-block-paragraph\"><strong>Werpeloh \u2013 GPS-Technik von Traktor gestohlen<\/strong><\/p>\n\n\n\n<p class=\"wp-block-paragraph\">Zwischen Freitag, dem 03.07. 18:00 Uhr, und Samstag, dem 04.07. 06:30 Uhr, kam es an der S\u00fcnnekampstra\u00dfe in Werpeloh zu einem Diebstahl auf einem landwirtschaftlichen Betrieb. Sie entwendeten von einem Traktor einen GPS-Empf\u00e4nger einschlie\u00dflich Modem und Halterung. (Zeugen bitte melden: (Polizei S\u00f6gel &#8211; 05952\/93450)<\/p>\n\n\n\n<p class=\"wp-block-paragraph\"><strong>B\u00f6rger \u2013 Zwei Pedelecs aus Lagerhalle gestohlen<\/strong><\/p>\n\n\n\n<p class=\"wp-block-paragraph\">Zwischen Montag, dem 06.07. 22:00 Uhr, und Dienstag, dem 07.07. 07:25 Uhr, kam es an der Stra\u00dfe Nordkamp in B\u00f6rger zu einem Einbruch in eine Lagerhalle. Sie entwendeten dort zwei Pedelecs (Wert ca. 7.500 \u20ac).<\/p>\n\n\n\n<p class=\"wp-block-paragraph\">(Zeugen bitte melden: Polizei S\u00f6gel &#8211; 05952\/93450)<\/p>\n\n\n\n<p class=\"wp-block-paragraph\">Zusammengestellt von Gerd Rode<\/p>\n","protected":false},"excerpt":{"rendered":"S\u00f6gel \u2013 Polizeiliche Eins\u00e4tze beim Public Viewing Am Sonntag, den 14.06. kam es zwischen 21:20 Uhr und 21:45 Uhr beim Public Viewing in S\u00f6gel zu zwei polizeilichen Eins\u00e4tzen. Im ersten Fall kam es zu einer verbalen Auseinandersetzung wobei eine weitere Person bedroht wurde. Bis die Polizeibeamten eintrafen, versuchten mehrere Zeugen zu schlichten. Im zweiten Fall [&hellip;]\n","protected":false},"author":2,"featured_media":0,"comment_status":"closed","ping_status":"closed","sticky":false,"template":"","format":"standard","meta":{"ngg_post_thumbnail":0,"footnotes":""},"categories":[931],"tags":[],"class_list":["post-42312","post","type-post","status-publish","format-standard","hentry","category-blaulichtreport"],"_links":{"self":[{"href":"https:\/\/www.forum-soegel.de\/information\/wp-json\/wp\/v2\/posts\/42312","targetHints":{"allow":["GET"]}}],"collection":[{"href":"https:\/\/www.forum-soegel.de\/information\/wp-json\/wp\/v2\/posts"}],"about":[{"href":"https:\/\/www.forum-soegel.de\/information\/wp-json\/wp\/v2\/types\/post"}],"author":[{"embeddable":true,"href":"https:\/\/www.forum-soegel.de\/information\/wp-json\/wp\/v2\/users\/2"}],"replies":[{"embeddable":true,"href":"https:\/\/www.forum-soegel.de\/information\/wp-json\/wp\/v2\/comments?post=42312"}],"version-history":[{"count":1,"href":"https:\/\/www.forum-soegel.de\/information\/wp-json\/wp\/v2\/posts\/42312\/revisions"}],"predecessor-version":[{"id":42313,"href":"https:\/\/www.forum-soegel.de\/information\/wp-json\/wp\/v2\/posts\/42312\/revisions\/42313"}],"wp:attachment":[{"href":"https:\/\/www.forum-soegel.de\/information\/wp-json\/wp\/v2\/media?parent=42312"}],"wp:term":[{"taxonomy":"category","embeddable":true,"href":"https:\/\/www.forum-soegel.de\/information\/wp-json\/wp\/v2\/categories?post=42312"},{"taxonomy":"post_tag","embeddable":true,"href":"https:\/\/www.forum-soegel.de\/information\/wp-json\/wp\/v2\/tags?post=42312"}],"curies":[{"name":"wp","href":"https:\/\/api.w.org\/{rel}","templated":true}]}}