{"id":42308,"date":"2026-08-01T18:47:03","date_gmt":"2026-08-01T16:47:03","guid":{"rendered":"https:\/\/www.forum-soegel.de\/information\/?p=42308"},"modified":"2026-09-03T18:49:24","modified_gmt":"2026-09-03T16:49:24","slug":"wahner-treffen-erinnert-an-schicksal-der-vertriebenen-dorfbewohner","status":"publish","type":"post","link":"https:\/\/www.forum-soegel.de\/information\/2026\/08\/wahner-treffen-erinnert-an-schicksal-der-vertriebenen-dorfbewohner\/","title":{"rendered":"Wahner Treffen erinnert an Schicksal der vertriebenen Dorfbewohner"},"content":{"rendered":"\n<p class=\"wp-block-paragraph\"><strong>Rund 250 Besucher gedachten der Geschichte des ehemaligen H\u00fcmmlingdorfes<\/strong><\/p>\n\n\n<div class=\"wp-block-image\">\n<figure data-wp-context=\"{&quot;imageId&quot;:&quot;6a9a2c002814c&quot;}\" data-wp-interactive=\"core\/image\" data-wp-key=\"6a9a2c002814c\" class=\"alignleft size-large is-resized wp-lightbox-container\"><img loading=\"lazy\" decoding=\"async\" width=\"1024\" height=\"576\" data-wp-class--hide=\"state.isContentHidden\" data-wp-class--show=\"state.isContentVisible\" data-wp-init=\"callbacks.setButtonStyles\" data-wp-on--click=\"actions.showLightbox\" data-wp-on--load=\"callbacks.setButtonStyles\" data-wp-on--pointerdown=\"actions.preloadImage\" data-wp-on--pointerenter=\"actions.preloadImageWithDelay\" data-wp-on--pointerleave=\"actions.cancelPreload\" data-wp-on-window--resize=\"callbacks.setButtonStyles\" src=\"https:\/\/www.forum-soegel.de\/information\/wp-content\/uploads\/2026\/09\/Wahner-Treffen-erinnert-an-Schicksal-der-vertriebenen-Dorfbewohner_2-1024x576.jpeg\" alt=\"\" class=\"wp-image-42310\" style=\"width:311px;height:auto\" srcset=\"https:\/\/www.forum-soegel.de\/information\/wp-content\/uploads\/2026\/09\/Wahner-Treffen-erinnert-an-Schicksal-der-vertriebenen-Dorfbewohner_2-1024x576.jpeg 1024w, https:\/\/www.forum-soegel.de\/information\/wp-content\/uploads\/2026\/09\/Wahner-Treffen-erinnert-an-Schicksal-der-vertriebenen-Dorfbewohner_2-300x169.jpeg 300w, https:\/\/www.forum-soegel.de\/information\/wp-content\/uploads\/2026\/09\/Wahner-Treffen-erinnert-an-Schicksal-der-vertriebenen-Dorfbewohner_2-768x432.jpeg 768w, https:\/\/www.forum-soegel.de\/information\/wp-content\/uploads\/2026\/09\/Wahner-Treffen-erinnert-an-Schicksal-der-vertriebenen-Dorfbewohner_2-1536x864.jpeg 1536w, https:\/\/www.forum-soegel.de\/information\/wp-content\/uploads\/2026\/09\/Wahner-Treffen-erinnert-an-Schicksal-der-vertriebenen-Dorfbewohner_2-2048x1152.jpeg 2048w\" sizes=\"auto, (max-width: 1024px) 100vw, 1024px\" \/><button\n\t\t\tclass=\"lightbox-trigger\"\n\t\t\ttype=\"button\"\n\t\t\taria-haspopup=\"dialog\"\n\t\t\tdata-wp-bind--aria-label=\"state.thisImage.triggerButtonAriaLabel\"\n\t\t\tdata-wp-init=\"callbacks.initTriggerButton\"\n\t\t\tdata-wp-on--click=\"actions.showLightbox\"\n\t\t\tdata-wp-style--right=\"state.thisImage.buttonRight\"\n\t\t\tdata-wp-style--top=\"state.thisImage.buttonTop\"\n\t\t>\n\t\t\t<svg xmlns=\"http:\/\/www.w3.org\/2000\/svg\" width=\"12\" height=\"12\" fill=\"none\" viewBox=\"0 0 12 12\">\n\t\t\t\t<path fill=\"#fff\" d=\"M2 0a2 2 0 0 0-2 2v2h1.5V2a.5.5 0 0 1 .5-.5h2V0H2Zm2 10.5H2a.5.5 0 0 1-.5-.5V8H0v2a2 2 0 0 0 2 2h2v-1.5ZM8 12v-1.5h2a.5.5 0 0 0 .5-.5V8H12v2a2 2 0 0 1-2 2H8Zm2-12a2 2 0 0 1 2 2v2h-1.5V2a.5.5 0 0 0-.5-.5H8V0h2Z\" \/>\n\t\t\t<\/svg>\n\t\t<\/button><\/figure>\n<\/div>\n\n\n<p class=\"wp-block-paragraph\">Wahn\/S\u00f6gel &#8211; \u00dcber 250 ehemalige Wahner, ihre Nachkommen und zahlreiche G\u00e4ste haben am traditionellen Wahner Treffen an der Erinnerungsst\u00e4tte Wahn teilgenommen. Im Mittelpunkt standen das Gedenken an die Vertreibung der Bewohner des ehemaligen Dorfes Wahn vor rund 85 Jahren, ein feierlicher Gottesdienst unter freiem Himmel sowie die Begegnung und der Austausch \u00fcber die Geschichte und Gegenwart der ehemaligen Dorfgemeinschaft. Wie in jedem Jahr am dritten Sonntag im Juni begr\u00fc\u00dfte Achim Gehrs die Besucher auf dem Kirchplatz der Erinnerungsst\u00e4tte mit den Worten: \u201eLaiwe Wohner, laiwe Nohkomen von Wohnern,\u201c<\/p>\n\n\n\n<p class=\"wp-block-paragraph\">Das ehemalige Dorf Wahn lag zwischen Lathen und S\u00f6gel an der Abzweigung nach Renkenberge. Zwischen 1939 und 1943 mussten die letzten Bewohner ihre Heimat verlassen. Adolf Hitler hatte die Erweiterung des Kruppschen Schie\u00dfplatzes angeordnet. In der Folge wurden s\u00e4mtliche H\u00e4user sowie die erst 1926 neu eingeweihte Antoniuskirche, der sogenannte \u201eDom des H\u00fcmmlings\u201c, abgerissen.<\/p>\n\n\n\n<p class=\"wp-block-paragraph\">Den Gottesdienst unter freiem Himmel zelebrierte Pater Edmund vom Kloster Clemenswerth. Musikalisch wurde die Feier von den Musikfreunden S\u00f6gel begleitet. In seiner Predigt fand Pater Edmund einf\u00fchlsame Worte zur aktuellen Kriegs- und Fl\u00fcchtlingssituation in der Welt und zog zugleich eine Br\u00fccke zur Geschichte Wahns. Er erinnerte an das Schicksal der Menschen, die ihre Heimat verlassen mussten und sich andernorts eine neue Existenz aufbauen mussten.<\/p>\n\n\n\n<p class=\"wp-block-paragraph\">Im Anschluss an die Heilige Messe blieb ausreichend Zeit f\u00fcr Begegnungen und Gespr\u00e4che bei Kaffee und Kuchen. Viele der Besucher erinnerten sich an das fr\u00fchere Dorfleben, tauschten pers\u00f6nliche Erinnerungen aus und berichteten von den Erfahrungen nach ihrer Umsiedlung und dem Ankommen in einer neuen Heimat. Die hochsommerlichen Temperaturen sorgten allerdings daf\u00fcr, dass sich die Besucher nur kurz im Grundriss der ehemaligen Antoniuskirche aufhielten. Stattdessen suchten viele den Schatten der alten B\u00e4ume rund um den Kirchplatz, die einen angenehmen Rahmen f\u00fcr zahlreiche Gespr\u00e4che boten.<\/p>\n\n\n\n<p class=\"wp-block-paragraph\">Zum Abschluss dankte Achim Gehrs allen, die zum Gelingen des diesj\u00e4hrigen Wahner Treffens beigetragen hatten \u2013 insbesondere den zahlreichen ehrenamtlichen Helferinnen und Helfern, den Musikfreunden S\u00f6gel sowie allen Mitwirkenden am Gottesdienst. Das Wahner Treffen sei auch heute noch ein wichtiger Ort der Erinnerung, der Begegnung und der Verbundenheit mit der Geschichte des ehemaligen Dorfes.<\/p>\n\n\n\n<p class=\"wp-block-paragraph\">Text: Brand\/Gehrs<\/p>\n\n\n\n<p class=\"wp-block-paragraph\">Foto: Gehrs<\/p>\n\n\n\n<figure data-wp-context=\"{&quot;imageId&quot;:&quot;6a9a2c002948f&quot;}\" data-wp-interactive=\"core\/image\" data-wp-key=\"6a9a2c002948f\" class=\"wp-block-image size-large wp-lightbox-container\"><img loading=\"lazy\" decoding=\"async\" width=\"1024\" height=\"397\" data-wp-class--hide=\"state.isContentHidden\" data-wp-class--show=\"state.isContentVisible\" data-wp-init=\"callbacks.setButtonStyles\" data-wp-on--click=\"actions.showLightbox\" data-wp-on--load=\"callbacks.setButtonStyles\" data-wp-on--pointerdown=\"actions.preloadImage\" data-wp-on--pointerenter=\"actions.preloadImageWithDelay\" data-wp-on--pointerleave=\"actions.cancelPreload\" data-wp-on-window--resize=\"callbacks.setButtonStyles\" src=\"https:\/\/www.forum-soegel.de\/information\/wp-content\/uploads\/2026\/09\/Wahner-Treffen-erinnert-an-Schicksal-der-vertriebenen-Dorfbewohner_1-1024x397.jpeg\" alt=\"\" class=\"wp-image-42309\" srcset=\"https:\/\/www.forum-soegel.de\/information\/wp-content\/uploads\/2026\/09\/Wahner-Treffen-erinnert-an-Schicksal-der-vertriebenen-Dorfbewohner_1-1024x397.jpeg 1024w, https:\/\/www.forum-soegel.de\/information\/wp-content\/uploads\/2026\/09\/Wahner-Treffen-erinnert-an-Schicksal-der-vertriebenen-Dorfbewohner_1-300x116.jpeg 300w, https:\/\/www.forum-soegel.de\/information\/wp-content\/uploads\/2026\/09\/Wahner-Treffen-erinnert-an-Schicksal-der-vertriebenen-Dorfbewohner_1-766x297.jpeg 766w, https:\/\/www.forum-soegel.de\/information\/wp-content\/uploads\/2026\/09\/Wahner-Treffen-erinnert-an-Schicksal-der-vertriebenen-Dorfbewohner_1-1536x596.jpeg 1536w, https:\/\/www.forum-soegel.de\/information\/wp-content\/uploads\/2026\/09\/Wahner-Treffen-erinnert-an-Schicksal-der-vertriebenen-Dorfbewohner_1-2048x794.jpeg 2048w\" sizes=\"auto, (max-width: 1024px) 100vw, 1024px\" \/><button\n\t\t\tclass=\"lightbox-trigger\"\n\t\t\ttype=\"button\"\n\t\t\taria-haspopup=\"dialog\"\n\t\t\tdata-wp-bind--aria-label=\"state.thisImage.triggerButtonAriaLabel\"\n\t\t\tdata-wp-init=\"callbacks.initTriggerButton\"\n\t\t\tdata-wp-on--click=\"actions.showLightbox\"\n\t\t\tdata-wp-style--right=\"state.thisImage.buttonRight\"\n\t\t\tdata-wp-style--top=\"state.thisImage.buttonTop\"\n\t\t>\n\t\t\t<svg xmlns=\"http:\/\/www.w3.org\/2000\/svg\" width=\"12\" height=\"12\" fill=\"none\" viewBox=\"0 0 12 12\">\n\t\t\t\t<path fill=\"#fff\" d=\"M2 0a2 2 0 0 0-2 2v2h1.5V2a.5.5 0 0 1 .5-.5h2V0H2Zm2 10.5H2a.5.5 0 0 1-.5-.5V8H0v2a2 2 0 0 0 2 2h2v-1.5ZM8 12v-1.5h2a.5.5 0 0 0 .5-.5V8H12v2a2 2 0 0 1-2 2H8Zm2-12a2 2 0 0 1 2 2v2h-1.5V2a.5.5 0 0 0-.5-.5H8V0h2Z\" \/>\n\t\t\t<\/svg>\n\t\t<\/button><\/figure>\n\n\n\n<p class=\"wp-block-paragraph\">Das traditionelle Wahner Treffen an der Erinnerungsst\u00e4tte Wahn findet auch nach Jahrzehnten gro\u00dfen Zuspruch. \u00dcber 250 G\u00e4ste nahmen an der Veranstaltung teil.<\/p>\n","protected":false},"excerpt":{"rendered":"Rund 250 Besucher gedachten der Geschichte des ehemaligen H\u00fcmmlingdorfes Wahn\/S\u00f6gel &#8211; \u00dcber 250 ehemalige Wahner, ihre Nachkommen und zahlreiche G\u00e4ste haben am traditionellen Wahner Treffen an der Erinnerungsst\u00e4tte Wahn teilgenommen. Im Mittelpunkt standen das Gedenken an die Vertreibung der Bewohner des ehemaligen Dorfes Wahn vor rund 85 Jahren, ein feierlicher Gottesdienst unter freiem Himmel sowie [&hellip;]\n","protected":false},"author":2,"featured_media":0,"comment_status":"closed","ping_status":"closed","sticky":false,"template":"","format":"standard","meta":{"ngg_post_thumbnail":0,"footnotes":""},"categories":[868],"tags":[],"class_list":["post-42308","post","type-post","status-publish","format-standard","hentry","category-zwischen-himmel-und-erde"],"_links":{"self":[{"href":"https:\/\/www.forum-soegel.de\/information\/wp-json\/wp\/v2\/posts\/42308","targetHints":{"allow":["GET"]}}],"collection":[{"href":"https:\/\/www.forum-soegel.de\/information\/wp-json\/wp\/v2\/posts"}],"about":[{"href":"https:\/\/www.forum-soegel.de\/information\/wp-json\/wp\/v2\/types\/post"}],"author":[{"embeddable":true,"href":"https:\/\/www.forum-soegel.de\/information\/wp-json\/wp\/v2\/users\/2"}],"replies":[{"embeddable":true,"href":"https:\/\/www.forum-soegel.de\/information\/wp-json\/wp\/v2\/comments?post=42308"}],"version-history":[{"count":1,"href":"https:\/\/www.forum-soegel.de\/information\/wp-json\/wp\/v2\/posts\/42308\/revisions"}],"predecessor-version":[{"id":42311,"href":"https:\/\/www.forum-soegel.de\/information\/wp-json\/wp\/v2\/posts\/42308\/revisions\/42311"}],"wp:attachment":[{"href":"https:\/\/www.forum-soegel.de\/information\/wp-json\/wp\/v2\/media?parent=42308"}],"wp:term":[{"taxonomy":"category","embeddable":true,"href":"https:\/\/www.forum-soegel.de\/information\/wp-json\/wp\/v2\/categories?post=42308"},{"taxonomy":"post_tag","embeddable":true,"href":"https:\/\/www.forum-soegel.de\/information\/wp-json\/wp\/v2\/tags?post=42308"}],"curies":[{"name":"wp","href":"https:\/\/api.w.org\/{rel}","templated":true}]}}