{"id":42291,"date":"2026-08-01T18:14:57","date_gmt":"2026-08-01T16:14:57","guid":{"rendered":"https:\/\/www.forum-soegel.de\/information\/?p=42291"},"modified":"2026-09-03T18:40:22","modified_gmt":"2026-09-03T16:40:22","slug":"60-jahre-malteser-auf-dem-huemmling","status":"publish","type":"post","link":"https:\/\/www.forum-soegel.de\/information\/2026\/08\/60-jahre-malteser-auf-dem-huemmling\/","title":{"rendered":"60 Jahre Malteser auf dem H\u00fcmmling"},"content":{"rendered":"\n<p class=\"wp-block-paragraph\"><strong>Jubil\u00e4umsfeier mit Festakt, Begegnung und Tag der offenen T\u00fcr<\/strong><\/p>\n\n\n<div class=\"wp-block-image\">\n<figure data-wp-context=\"{&quot;imageId&quot;:&quot;6a9a2bd84693d&quot;}\" data-wp-interactive=\"core\/image\" data-wp-key=\"6a9a2bd84693d\" class=\"alignleft size-large is-resized wp-lightbox-container\"><img loading=\"lazy\" decoding=\"async\" width=\"1024\" height=\"815\" data-wp-class--hide=\"state.isContentHidden\" data-wp-class--show=\"state.isContentVisible\" data-wp-init=\"callbacks.setButtonStyles\" data-wp-on--click=\"actions.showLightbox\" data-wp-on--load=\"callbacks.setButtonStyles\" data-wp-on--pointerdown=\"actions.preloadImage\" data-wp-on--pointerenter=\"actions.preloadImageWithDelay\" data-wp-on--pointerleave=\"actions.cancelPreload\" data-wp-on-window--resize=\"callbacks.setButtonStyles\" src=\"https:\/\/www.forum-soegel.de\/information\/wp-content\/uploads\/2026\/09\/60-Jahre-Malteser-auf-dem-Hu\u2560emmling-4-1024x815.jpeg\" alt=\"\" class=\"wp-image-42294\" style=\"aspect-ratio:1.2564566854093204;width:259px;height:auto\" srcset=\"https:\/\/www.forum-soegel.de\/information\/wp-content\/uploads\/2026\/09\/60-Jahre-Malteser-auf-dem-Hu\u2560emmling-4-1024x815.jpeg 1024w, https:\/\/www.forum-soegel.de\/information\/wp-content\/uploads\/2026\/09\/60-Jahre-Malteser-auf-dem-Hu\u2560emmling-4-300x239.jpeg 300w, https:\/\/www.forum-soegel.de\/information\/wp-content\/uploads\/2026\/09\/60-Jahre-Malteser-auf-dem-Hu\u2560emmling-4-767x610.jpeg 767w, https:\/\/www.forum-soegel.de\/information\/wp-content\/uploads\/2026\/09\/60-Jahre-Malteser-auf-dem-Hu\u2560emmling-4-1536x1222.jpeg 1536w, https:\/\/www.forum-soegel.de\/information\/wp-content\/uploads\/2026\/09\/60-Jahre-Malteser-auf-dem-Hu\u2560emmling-4-2048x1629.jpeg 2048w\" sizes=\"auto, (max-width: 1024px) 100vw, 1024px\" \/><button\n\t\t\tclass=\"lightbox-trigger\"\n\t\t\ttype=\"button\"\n\t\t\taria-haspopup=\"dialog\"\n\t\t\tdata-wp-bind--aria-label=\"state.thisImage.triggerButtonAriaLabel\"\n\t\t\tdata-wp-init=\"callbacks.initTriggerButton\"\n\t\t\tdata-wp-on--click=\"actions.showLightbox\"\n\t\t\tdata-wp-style--right=\"state.thisImage.buttonRight\"\n\t\t\tdata-wp-style--top=\"state.thisImage.buttonTop\"\n\t\t>\n\t\t\t<svg xmlns=\"http:\/\/www.w3.org\/2000\/svg\" width=\"12\" height=\"12\" fill=\"none\" viewBox=\"0 0 12 12\">\n\t\t\t\t<path fill=\"#fff\" d=\"M2 0a2 2 0 0 0-2 2v2h1.5V2a.5.5 0 0 1 .5-.5h2V0H2Zm2 10.5H2a.5.5 0 0 1-.5-.5V8H0v2a2 2 0 0 0 2 2h2v-1.5ZM8 12v-1.5h2a.5.5 0 0 0 .5-.5V8H12v2a2 2 0 0 1-2 2H8Zm2-12a2 2 0 0 1 2 2v2h-1.5V2a.5.5 0 0 0-.5-.5H8V0h2Z\" \/>\n\t\t\t<\/svg>\n\t\t<\/button><\/figure>\n<\/div>\n\n\n<p class=\"wp-block-paragraph\">S\u00f6gel &#8211; Mit einem feierlichen Gottesdienst, einem Festakt im Clemenswerther Hof und einem abwechslungsreichen Tag der offenen T\u00fcr haben die Malteser ihr 60-j\u00e4hriges Bestehen auf dem H\u00fcmmling gefeiert. Zahlreiche G\u00e4ste aus Politik, Kirche, Verwaltung, Ehrenamt und Bev\u00f6lkerung w\u00fcrdigten das langj\u00e4hrige Engagement der Hilfsorganisation in der Region.<\/p>\n\n\n\n<p class=\"wp-block-paragraph\">Der Jubil\u00e4umstag begann mit einem Gottesdienst, den Pfarrer J\u00fcrgen Krallmann zelebrierte. Musikalisch unterst\u00fctzt wurde die Feier von der M\u00e4dchenkantorei der Limburger Dommusik, die dem Auftakt einen besonderen festlichen Rahmen verlieh. Im Anschluss kamen die geladenen G\u00e4ste im Clemenswerther Hof zu einem Festakt zusammen.<\/p>\n\n\n\n<p class=\"wp-block-paragraph\">Ortsbeauftragter Florian Wilken begr\u00fc\u00dfte die Anwesenden und blickte auf sechs Jahrzehnte Malteserarbeit auf dem H\u00fcmmling zur\u00fcck. Unter den Gratulanten waren Vertreterinnen und Vertreter der Samtgemeinden S\u00f6gel, Werlte und Nordh\u00fcmmling sowie G\u00e4ste aus Politik sowie Kooperationspartnern, Nachbarn und befreundeten Vereinen und der Di\u00f6zesangesch\u00e4ftsstelle. In Gru\u00dfworten wurde deutlich, welche Bedeutung die Malteser f\u00fcr das soziale und gesellschaftliche Leben in der Region haben.<\/p>\n\n\n\n<p class=\"wp-block-paragraph\">Ein H\u00f6hepunkt des Festaktes waren die Ehrungen langj\u00e4hriger Mitglieder. Anne Heyen wurde f\u00fcr 50 Jahre herausragende ehrenamtliche T\u00e4tigkeit ausgezeichnet. Das Gr\u00fcndungsmitglied Bernd Masbaum erhielt f\u00fcr 57 Jahre Mitgliedschaft die goldene Ehrennadel. Er ber\u00fchrte in einer bewegenden Rede \u00fcber die Anf\u00e4nge der Malteser.<\/p>\n\n\n<div class=\"wp-block-image\">\n<figure data-wp-context=\"{&quot;imageId&quot;:&quot;6a9a2bd8480b4&quot;}\" data-wp-interactive=\"core\/image\" data-wp-key=\"6a9a2bd8480b4\" class=\"alignright size-large is-resized wp-lightbox-container\"><img loading=\"lazy\" decoding=\"async\" width=\"1024\" height=\"716\" data-wp-class--hide=\"state.isContentHidden\" data-wp-class--show=\"state.isContentVisible\" data-wp-init=\"callbacks.setButtonStyles\" data-wp-on--click=\"actions.showLightbox\" data-wp-on--load=\"callbacks.setButtonStyles\" data-wp-on--pointerdown=\"actions.preloadImage\" data-wp-on--pointerenter=\"actions.preloadImageWithDelay\" data-wp-on--pointerleave=\"actions.cancelPreload\" data-wp-on-window--resize=\"callbacks.setButtonStyles\" src=\"https:\/\/www.forum-soegel.de\/information\/wp-content\/uploads\/2026\/09\/60-Jahre-Malteser-auf-dem-Hu\u2560emmling-3-1024x716.jpeg\" alt=\"\" class=\"wp-image-42295\" style=\"aspect-ratio:1.4303000370416101;width:229px;height:auto\" srcset=\"https:\/\/www.forum-soegel.de\/information\/wp-content\/uploads\/2026\/09\/60-Jahre-Malteser-auf-dem-Hu\u2560emmling-3-1024x716.jpeg 1024w, https:\/\/www.forum-soegel.de\/information\/wp-content\/uploads\/2026\/09\/60-Jahre-Malteser-auf-dem-Hu\u2560emmling-3-300x210.jpeg 300w, https:\/\/www.forum-soegel.de\/information\/wp-content\/uploads\/2026\/09\/60-Jahre-Malteser-auf-dem-Hu\u2560emmling-3-767x536.jpeg 767w, https:\/\/www.forum-soegel.de\/information\/wp-content\/uploads\/2026\/09\/60-Jahre-Malteser-auf-dem-Hu\u2560emmling-3-1536x1074.jpeg 1536w, https:\/\/www.forum-soegel.de\/information\/wp-content\/uploads\/2026\/09\/60-Jahre-Malteser-auf-dem-Hu\u2560emmling-3-2048x1431.jpeg 2048w\" sizes=\"auto, (max-width: 1024px) 100vw, 1024px\" \/><button\n\t\t\tclass=\"lightbox-trigger\"\n\t\t\ttype=\"button\"\n\t\t\taria-haspopup=\"dialog\"\n\t\t\tdata-wp-bind--aria-label=\"state.thisImage.triggerButtonAriaLabel\"\n\t\t\tdata-wp-init=\"callbacks.initTriggerButton\"\n\t\t\tdata-wp-on--click=\"actions.showLightbox\"\n\t\t\tdata-wp-style--right=\"state.thisImage.buttonRight\"\n\t\t\tdata-wp-style--top=\"state.thisImage.buttonTop\"\n\t\t>\n\t\t\t<svg xmlns=\"http:\/\/www.w3.org\/2000\/svg\" width=\"12\" height=\"12\" fill=\"none\" viewBox=\"0 0 12 12\">\n\t\t\t\t<path fill=\"#fff\" d=\"M2 0a2 2 0 0 0-2 2v2h1.5V2a.5.5 0 0 1 .5-.5h2V0H2Zm2 10.5H2a.5.5 0 0 1-.5-.5V8H0v2a2 2 0 0 0 2 2h2v-1.5ZM8 12v-1.5h2a.5.5 0 0 0 .5-.5V8H12v2a2 2 0 0 1-2 2H8Zm2-12a2 2 0 0 1 2 2v2h-1.5V2a.5.5 0 0 0-.5-.5H8V0h2Z\" \/>\n\t\t\t<\/svg>\n\t\t<\/button><\/figure>\n<\/div>\n\n\n<p class=\"wp-block-paragraph\">Am Nachmittag \u00f6ffneten die Malteser ihre T\u00fcren f\u00fcr die Bev\u00f6lkerung. F\u00fcr Kinder sorgten ein Gl\u00fccksrad, ein Flohmarkt und weitere Aktionen f\u00fcr ein buntes Programm. Auch das Soziale Kaufhaus war ge\u00f6ffnet.<\/p>\n\n\n\n<p class=\"wp-block-paragraph\">Ein besonderer H\u00f6hepunkt war der Besuch von Landrat Marc-Andr\u00e9 Burgdorf. Er informierte sich bei den Helferinnen und Helfern \u00fcber deren Einsatz und tauschte sich mit der Dienststellenleiterin Rita Hagenhoff \u00fcber die vielen sozialen Aufgaben der Malteser auf dem H\u00fcmmling aus. Die Jubil\u00e4umsfeier zeigte eindrucksvoll, wie tief die Hilfsorganisation in der Region verwurzelt ist und wie wichtig ihre Dienste f\u00fcr die Menschen vor Ort sind.<\/p>\n\n\n\n<p class=\"wp-block-paragraph\">Text\/Fotos: Rita Hagenhoff<\/p>\n\n\n\n<figure data-wp-context=\"{&quot;imageId&quot;:&quot;6a9a2bd848fbc&quot;}\" data-wp-interactive=\"core\/image\" data-wp-key=\"6a9a2bd848fbc\" class=\"wp-block-image size-large wp-lightbox-container\"><img loading=\"lazy\" decoding=\"async\" width=\"1024\" height=\"626\" data-wp-class--hide=\"state.isContentHidden\" data-wp-class--show=\"state.isContentVisible\" data-wp-init=\"callbacks.setButtonStyles\" data-wp-on--click=\"actions.showLightbox\" data-wp-on--load=\"callbacks.setButtonStyles\" data-wp-on--pointerdown=\"actions.preloadImage\" data-wp-on--pointerenter=\"actions.preloadImageWithDelay\" data-wp-on--pointerleave=\"actions.cancelPreload\" data-wp-on-window--resize=\"callbacks.setButtonStyles\" src=\"https:\/\/www.forum-soegel.de\/information\/wp-content\/uploads\/2026\/09\/60-Jahre-Malteser-auf-dem-Hu\u2560emmling-2-1024x626.jpeg\" alt=\"\" class=\"wp-image-42292\" srcset=\"https:\/\/www.forum-soegel.de\/information\/wp-content\/uploads\/2026\/09\/60-Jahre-Malteser-auf-dem-Hu\u2560emmling-2-1024x626.jpeg 1024w, https:\/\/www.forum-soegel.de\/information\/wp-content\/uploads\/2026\/09\/60-Jahre-Malteser-auf-dem-Hu\u2560emmling-2-300x183.jpeg 300w, https:\/\/www.forum-soegel.de\/information\/wp-content\/uploads\/2026\/09\/60-Jahre-Malteser-auf-dem-Hu\u2560emmling-2-768x469.jpeg 768w, https:\/\/www.forum-soegel.de\/information\/wp-content\/uploads\/2026\/09\/60-Jahre-Malteser-auf-dem-Hu\u2560emmling-2-1536x938.jpeg 1536w, https:\/\/www.forum-soegel.de\/information\/wp-content\/uploads\/2026\/09\/60-Jahre-Malteser-auf-dem-Hu\u2560emmling-2-2048x1251.jpeg 2048w\" sizes=\"auto, (max-width: 1024px) 100vw, 1024px\" \/><button\n\t\t\tclass=\"lightbox-trigger\"\n\t\t\ttype=\"button\"\n\t\t\taria-haspopup=\"dialog\"\n\t\t\tdata-wp-bind--aria-label=\"state.thisImage.triggerButtonAriaLabel\"\n\t\t\tdata-wp-init=\"callbacks.initTriggerButton\"\n\t\t\tdata-wp-on--click=\"actions.showLightbox\"\n\t\t\tdata-wp-style--right=\"state.thisImage.buttonRight\"\n\t\t\tdata-wp-style--top=\"state.thisImage.buttonTop\"\n\t\t>\n\t\t\t<svg xmlns=\"http:\/\/www.w3.org\/2000\/svg\" width=\"12\" height=\"12\" fill=\"none\" viewBox=\"0 0 12 12\">\n\t\t\t\t<path fill=\"#fff\" d=\"M2 0a2 2 0 0 0-2 2v2h1.5V2a.5.5 0 0 1 .5-.5h2V0H2Zm2 10.5H2a.5.5 0 0 1-.5-.5V8H0v2a2 2 0 0 0 2 2h2v-1.5ZM8 12v-1.5h2a.5.5 0 0 0 .5-.5V8H12v2a2 2 0 0 1-2 2H8Zm2-12a2 2 0 0 1 2 2v2h-1.5V2a.5.5 0 0 0-.5-.5H8V0h2Z\" \/>\n\t\t\t<\/svg>\n\t\t<\/button><\/figure>\n\n\n\n<p class=\"wp-block-paragraph\">Tag der offenen T\u00fcr mit Landrat Marc-Andr\u00e9 Burgdorf<\/p>\n\n\n\n<figure data-wp-context=\"{&quot;imageId&quot;:&quot;6a9a2bd849efa&quot;}\" data-wp-interactive=\"core\/image\" data-wp-key=\"6a9a2bd849efa\" class=\"wp-block-image size-large wp-lightbox-container\"><img loading=\"lazy\" decoding=\"async\" width=\"1024\" height=\"857\" data-wp-class--hide=\"state.isContentHidden\" data-wp-class--show=\"state.isContentVisible\" data-wp-init=\"callbacks.setButtonStyles\" data-wp-on--click=\"actions.showLightbox\" data-wp-on--load=\"callbacks.setButtonStyles\" data-wp-on--pointerdown=\"actions.preloadImage\" data-wp-on--pointerenter=\"actions.preloadImageWithDelay\" data-wp-on--pointerleave=\"actions.cancelPreload\" data-wp-on-window--resize=\"callbacks.setButtonStyles\" src=\"https:\/\/www.forum-soegel.de\/information\/wp-content\/uploads\/2026\/09\/60-Jahre-Malteser-auf-dem-Hu\u2560emmling-1-1024x857.jpg\" alt=\"\" class=\"wp-image-42293\" srcset=\"https:\/\/www.forum-soegel.de\/information\/wp-content\/uploads\/2026\/09\/60-Jahre-Malteser-auf-dem-Hu\u2560emmling-1-1024x857.jpg 1024w, https:\/\/www.forum-soegel.de\/information\/wp-content\/uploads\/2026\/09\/60-Jahre-Malteser-auf-dem-Hu\u2560emmling-1-300x251.jpg 300w, https:\/\/www.forum-soegel.de\/information\/wp-content\/uploads\/2026\/09\/60-Jahre-Malteser-auf-dem-Hu\u2560emmling-1-767x642.jpg 767w, https:\/\/www.forum-soegel.de\/information\/wp-content\/uploads\/2026\/09\/60-Jahre-Malteser-auf-dem-Hu\u2560emmling-1.jpg 1420w\" sizes=\"auto, (max-width: 1024px) 100vw, 1024px\" \/><button\n\t\t\tclass=\"lightbox-trigger\"\n\t\t\ttype=\"button\"\n\t\t\taria-haspopup=\"dialog\"\n\t\t\tdata-wp-bind--aria-label=\"state.thisImage.triggerButtonAriaLabel\"\n\t\t\tdata-wp-init=\"callbacks.initTriggerButton\"\n\t\t\tdata-wp-on--click=\"actions.showLightbox\"\n\t\t\tdata-wp-style--right=\"state.thisImage.buttonRight\"\n\t\t\tdata-wp-style--top=\"state.thisImage.buttonTop\"\n\t\t>\n\t\t\t<svg xmlns=\"http:\/\/www.w3.org\/2000\/svg\" width=\"12\" height=\"12\" fill=\"none\" viewBox=\"0 0 12 12\">\n\t\t\t\t<path fill=\"#fff\" d=\"M2 0a2 2 0 0 0-2 2v2h1.5V2a.5.5 0 0 1 .5-.5h2V0H2Zm2 10.5H2a.5.5 0 0 1-.5-.5V8H0v2a2 2 0 0 0 2 2h2v-1.5ZM8 12v-1.5h2a.5.5 0 0 0 .5-.5V8H12v2a2 2 0 0 1-2 2H8Zm2-12a2 2 0 0 1 2 2v2h-1.5V2a.5.5 0 0 0-.5-.5H8V0h2Z\" \/>\n\t\t\t<\/svg>\n\t\t<\/button><\/figure>\n\n\n\n<p class=\"wp-block-paragraph\">Gruppenbild mit Landtagsabgeordnetem Hartmut Moorkamp, Samtgemeindedirektor Frank Klaas, Ortsleitung und Di\u00f6zesangesch\u00e4ftsstelle und den Geehrten Bernd Masbaum und Anne Heyer<\/p>\n","protected":false},"excerpt":{"rendered":"Jubil\u00e4umsfeier mit Festakt, Begegnung und Tag der offenen T\u00fcr S\u00f6gel &#8211; Mit einem feierlichen Gottesdienst, einem Festakt im Clemenswerther Hof und einem abwechslungsreichen Tag der offenen T\u00fcr haben die Malteser ihr 60-j\u00e4hriges Bestehen auf dem H\u00fcmmling gefeiert. Zahlreiche G\u00e4ste aus Politik, Kirche, Verwaltung, Ehrenamt und Bev\u00f6lkerung w\u00fcrdigten das langj\u00e4hrige Engagement der Hilfsorganisation in der Region. [&hellip;]\n","protected":false},"author":2,"featured_media":0,"comment_status":"closed","ping_status":"closed","sticky":false,"template":"","format":"standard","meta":{"ngg_post_thumbnail":0,"footnotes":""},"categories":[25],"tags":[],"class_list":["post-42291","post","type-post","status-publish","format-standard","hentry","category-hauptsache-gesund"],"_links":{"self":[{"href":"https:\/\/www.forum-soegel.de\/information\/wp-json\/wp\/v2\/posts\/42291","targetHints":{"allow":["GET"]}}],"collection":[{"href":"https:\/\/www.forum-soegel.de\/information\/wp-json\/wp\/v2\/posts"}],"about":[{"href":"https:\/\/www.forum-soegel.de\/information\/wp-json\/wp\/v2\/types\/post"}],"author":[{"embeddable":true,"href":"https:\/\/www.forum-soegel.de\/information\/wp-json\/wp\/v2\/users\/2"}],"replies":[{"embeddable":true,"href":"https:\/\/www.forum-soegel.de\/information\/wp-json\/wp\/v2\/comments?post=42291"}],"version-history":[{"count":1,"href":"https:\/\/www.forum-soegel.de\/information\/wp-json\/wp\/v2\/posts\/42291\/revisions"}],"predecessor-version":[{"id":42296,"href":"https:\/\/www.forum-soegel.de\/information\/wp-json\/wp\/v2\/posts\/42291\/revisions\/42296"}],"wp:attachment":[{"href":"https:\/\/www.forum-soegel.de\/information\/wp-json\/wp\/v2\/media?parent=42291"}],"wp:term":[{"taxonomy":"category","embeddable":true,"href":"https:\/\/www.forum-soegel.de\/information\/wp-json\/wp\/v2\/categories?post=42291"},{"taxonomy":"post_tag","embeddable":true,"href":"https:\/\/www.forum-soegel.de\/information\/wp-json\/wp\/v2\/tags?post=42291"}],"curies":[{"name":"wp","href":"https:\/\/api.w.org\/{rel}","templated":true}]}}