{"id":42288,"date":"2026-08-01T18:13:35","date_gmt":"2026-08-01T16:13:35","guid":{"rendered":"https:\/\/www.forum-soegel.de\/information\/?p=42288"},"modified":"2026-09-03T18:14:46","modified_gmt":"2026-09-03T16:14:46","slug":"ferienpassaktion-der-malteser-huemmling-mit-ritter-malte-auf-entdeckungstour","status":"publish","type":"post","link":"https:\/\/www.forum-soegel.de\/information\/2026\/08\/ferienpassaktion-der-malteser-huemmling-mit-ritter-malte-auf-entdeckungstour\/","title":{"rendered":"Ferienpassaktion der Malteser H\u00fcmmling: Mit Ritter Malte auf Entdeckungstour"},"content":{"rendered":"\n<p class=\"wp-block-paragraph\">S\u00f6gel &#8211; Ein spannendes Abenteuer erlebten zahlreiche Kinder im Alter von sechs bis zehn Jahren bei der Ferienpassaktion der Malteser H\u00fcmmling. An den Dienststellen in Hasel\u00fcnne, S\u00f6gel und Esterwegen begr\u00fc\u00dfte Ritter Malte die jungen Teilnehmerinnen und Teilnehmer zu einem abwechslungsreichen Programm.<\/p>\n\n\n\n<p class=\"wp-block-paragraph\">Spielerisch lernten die Kinder die Arbeit der Malteser kennen und erfuhren, wie wichtig Zusammenhalt, Hilfsbereitschaft und Erste Hilfe im Alltag sind. An verschiedenen Stationen konnten sie ihr Geschick unter Beweis stellen, R\u00e4tsel l\u00f6sen und spannende Aufgaben meistern. Dabei standen vor allem Spa\u00df, Teamarbeit und das gemeinsame Erleben im Mittelpunkt. Die Ferienpassaktion bot den Kindern nicht nur einen abwechslungsreichen Ferientag, sondern auch einen interessanten Einblick in die vielf\u00e4ltige Arbeit der Malteser. Mit viel Engagement sorgten die ehrenamtlichen Helferinnen und Helfer daf\u00fcr, dass alle Teilnehmerinnen und Teilnehmer unvergessliche Stunden erleben konnten.<\/p>\n\n\n\n<p class=\"wp-block-paragraph\">Die Malteser H\u00fcmmling ziehen eine durchweg positive Bilanz. Die gro\u00dfe Begeisterung der Kinder und das positive Feedback der Familien zeigen, wie wichtig solche Angebote f\u00fcr die Feriengestaltung sind. Gleichzeitig bieten sie die M\u00f6glichkeit, schon fr\u00fch Werte wie Hilfsbereitschaft, Verantwortung und Gemeinschaft auf spielerische Weise zu vermitteln.<\/p>\n\n\n\n<p class=\"wp-block-paragraph\">Text\/Fotos: Sonja Kruithoff<\/p>\n\n\n\n<figure data-wp-context=\"{&quot;imageId&quot;:&quot;6a9a2c18c752d&quot;}\" data-wp-interactive=\"core\/image\" data-wp-key=\"6a9a2c18c752d\" class=\"wp-block-image size-large wp-lightbox-container\"><img loading=\"lazy\" decoding=\"async\" width=\"1024\" height=\"1024\" data-wp-class--hide=\"state.isContentHidden\" data-wp-class--show=\"state.isContentVisible\" data-wp-init=\"callbacks.setButtonStyles\" data-wp-on--click=\"actions.showLightbox\" data-wp-on--load=\"callbacks.setButtonStyles\" data-wp-on--pointerdown=\"actions.preloadImage\" data-wp-on--pointerenter=\"actions.preloadImageWithDelay\" data-wp-on--pointerleave=\"actions.cancelPreload\" data-wp-on-window--resize=\"callbacks.setButtonStyles\" src=\"https:\/\/www.forum-soegel.de\/information\/wp-content\/uploads\/2026\/09\/Mit-Ritter-Malte-auf-Entdeckungstour-1024x1024.jpg\" alt=\"\" class=\"wp-image-42289\" srcset=\"https:\/\/www.forum-soegel.de\/information\/wp-content\/uploads\/2026\/09\/Mit-Ritter-Malte-auf-Entdeckungstour-1024x1024.jpg 1024w, https:\/\/www.forum-soegel.de\/information\/wp-content\/uploads\/2026\/09\/Mit-Ritter-Malte-auf-Entdeckungstour-150x150.jpg 150w, https:\/\/www.forum-soegel.de\/information\/wp-content\/uploads\/2026\/09\/Mit-Ritter-Malte-auf-Entdeckungstour-300x300.jpg 300w, https:\/\/www.forum-soegel.de\/information\/wp-content\/uploads\/2026\/09\/Mit-Ritter-Malte-auf-Entdeckungstour-768x768.jpg 768w, https:\/\/www.forum-soegel.de\/information\/wp-content\/uploads\/2026\/09\/Mit-Ritter-Malte-auf-Entdeckungstour-1536x1536.jpg 1536w, https:\/\/www.forum-soegel.de\/information\/wp-content\/uploads\/2026\/09\/Mit-Ritter-Malte-auf-Entdeckungstour.jpg 1600w\" sizes=\"auto, (max-width: 1024px) 100vw, 1024px\" \/><button\n\t\t\tclass=\"lightbox-trigger\"\n\t\t\ttype=\"button\"\n\t\t\taria-haspopup=\"dialog\"\n\t\t\tdata-wp-bind--aria-label=\"state.thisImage.triggerButtonAriaLabel\"\n\t\t\tdata-wp-init=\"callbacks.initTriggerButton\"\n\t\t\tdata-wp-on--click=\"actions.showLightbox\"\n\t\t\tdata-wp-style--right=\"state.thisImage.buttonRight\"\n\t\t\tdata-wp-style--top=\"state.thisImage.buttonTop\"\n\t\t>\n\t\t\t<svg xmlns=\"http:\/\/www.w3.org\/2000\/svg\" width=\"12\" height=\"12\" fill=\"none\" viewBox=\"0 0 12 12\">\n\t\t\t\t<path fill=\"#fff\" d=\"M2 0a2 2 0 0 0-2 2v2h1.5V2a.5.5 0 0 1 .5-.5h2V0H2Zm2 10.5H2a.5.5 0 0 1-.5-.5V8H0v2a2 2 0 0 0 2 2h2v-1.5ZM8 12v-1.5h2a.5.5 0 0 0 .5-.5V8H12v2a2 2 0 0 1-2 2H8Zm2-12a2 2 0 0 1 2 2v2h-1.5V2a.5.5 0 0 0-.5-.5H8V0h2Z\" \/>\n\t\t\t<\/svg>\n\t\t<\/button><\/figure>\n","protected":false},"excerpt":{"rendered":"S\u00f6gel &#8211; Ein spannendes Abenteuer erlebten zahlreiche Kinder im Alter von sechs bis zehn Jahren bei der Ferienpassaktion der Malteser H\u00fcmmling. An den Dienststellen in Hasel\u00fcnne, S\u00f6gel und Esterwegen begr\u00fc\u00dfte Ritter Malte die jungen Teilnehmerinnen und Teilnehmer zu einem abwechslungsreichen Programm. Spielerisch lernten die Kinder die Arbeit der Malteser kennen und erfuhren, wie wichtig Zusammenhalt, [&hellip;]\n","protected":false},"author":2,"featured_media":0,"comment_status":"closed","ping_status":"closed","sticky":false,"template":"","format":"standard","meta":{"ngg_post_thumbnail":0,"footnotes":""},"categories":[25],"tags":[],"class_list":["post-42288","post","type-post","status-publish","format-standard","hentry","category-hauptsache-gesund"],"_links":{"self":[{"href":"https:\/\/www.forum-soegel.de\/information\/wp-json\/wp\/v2\/posts\/42288","targetHints":{"allow":["GET"]}}],"collection":[{"href":"https:\/\/www.forum-soegel.de\/information\/wp-json\/wp\/v2\/posts"}],"about":[{"href":"https:\/\/www.forum-soegel.de\/information\/wp-json\/wp\/v2\/types\/post"}],"author":[{"embeddable":true,"href":"https:\/\/www.forum-soegel.de\/information\/wp-json\/wp\/v2\/users\/2"}],"replies":[{"embeddable":true,"href":"https:\/\/www.forum-soegel.de\/information\/wp-json\/wp\/v2\/comments?post=42288"}],"version-history":[{"count":1,"href":"https:\/\/www.forum-soegel.de\/information\/wp-json\/wp\/v2\/posts\/42288\/revisions"}],"predecessor-version":[{"id":42290,"href":"https:\/\/www.forum-soegel.de\/information\/wp-json\/wp\/v2\/posts\/42288\/revisions\/42290"}],"wp:attachment":[{"href":"https:\/\/www.forum-soegel.de\/information\/wp-json\/wp\/v2\/media?parent=42288"}],"wp:term":[{"taxonomy":"category","embeddable":true,"href":"https:\/\/www.forum-soegel.de\/information\/wp-json\/wp\/v2\/categories?post=42288"},{"taxonomy":"post_tag","embeddable":true,"href":"https:\/\/www.forum-soegel.de\/information\/wp-json\/wp\/v2\/tags?post=42288"}],"curies":[{"name":"wp","href":"https:\/\/api.w.org\/{rel}","templated":true}]}}