{"id":42279,"date":"2026-08-01T18:07:36","date_gmt":"2026-08-01T16:07:36","guid":{"rendered":"https:\/\/www.forum-soegel.de\/information\/?p=42279"},"modified":"2026-09-03T18:08:29","modified_gmt":"2026-09-03T16:08:29","slug":"abschied-klasse-4","status":"publish","type":"post","link":"https:\/\/www.forum-soegel.de\/information\/2026\/08\/abschied-klasse-4\/","title":{"rendered":"Abschied Klasse 4"},"content":{"rendered":"\n<p class=\"wp-block-paragraph\">Spahnharrenst\u00e4tte &#8211; Mit einem abwechslungsreichen und emotionalen Vormittag verabschiedete sich die Klasse 4 von ihrer Grundschulzeit. Den Auftakt bildete ein festlicher Abschlussgottesdienst, der von den Kindern der Klasse 4 selbst vorbereitet und gestaltet wurde. Mit viel Engagement, pers\u00f6nlichen Beitr\u00e4gen und sch\u00f6nen Gedanken blickten sie auf ihre gemeinsame Zeit an unserer Schule zur\u00fcck.<\/p>\n\n\n\n<p class=\"wp-block-paragraph\">Anschlie\u00dfend fand im Forum unserer Grundschule eine kleine Abschiedsfeier statt. Unsere Schulleiterin, Frau Sch\u00fcrmann, richtete in einer kurzen Ansprache herzliche Worte an die Kinder und w\u00fcnschte ihnen alles Gute f\u00fcr ihren weiteren Schulweg.<\/p>\n\n\n\n<p class=\"wp-block-paragraph\">F\u00fcr gute Stimmung sorgten danach die Kinder der Klassen 1 und 3, die mit viel Freude T\u00e4nze einstudiert hatten und diese der Klasse 4 pr\u00e4sentierten. Ein besonderer H\u00f6hepunkt der Feier war das Theaterst\u00fcck der Viertkl\u00e4sslerinnen und Viertkl\u00e4ssler. Die Kinder hatten sich die Geschichte selbst ausgedacht und sogar eigenst\u00e4ndig ein Drehbuch geschrieben. Mit viel Kreativit\u00e4t, Spielfreude und schauspielerischem Talent begeisterten sie das Publikum. Den gelungenen Abschluss bildete ein beeindruckendes Trommelst\u00fcck zum bekannten Titel \u201eFluch der Karibik\u201c. Mit ihrem mitrei\u00dfenden Auftritt sorgten die Kinder der Klasse 4 f\u00fcr einen unvergesslichen Schlusspunkt der Feier.<\/p>\n\n\n\n<p class=\"wp-block-paragraph\">Zum Ende der Feier bedankte sich Frau Behnen bei den Kindern und ihren Eltern f\u00fcr die sch\u00f6ne gemeinsame Zeit. Auch die Eltern verabschiedeten sich mit herzlichen Dankesworten und blickten dankbar auf die gemeinsame Grundschulzeit zur\u00fcck. Wir w\u00fcnschen den Viertkl\u00e4sslerinnen und Viertkl\u00e4sslern von Herzen alles Gute f\u00fcr ihren Start an den weiterf\u00fchrenden Schulen. F\u00fcr ihren weiteren Lebensweg w\u00fcnschen wir ihnen viel Freude, Erfolg und viele sch\u00f6ne neue Erfahrungen.<\/p>\n\n\n\n<p class=\"wp-block-paragraph\">Text\/Foto: Grundschule Spahnharrenst\u00e4tte<\/p>\n\n\n\n<figure data-wp-context=\"{&quot;galleryId&quot;:&quot;6a9a2bfe12eb9&quot;}\" data-wp-interactive=\"core\/gallery\" class=\"wp-block-gallery has-nested-images columns-default is-cropped wp-block-gallery-1 is-layout-flex wp-block-gallery-is-layout-flex\">\n<figure data-wp-context=\"{&quot;imageId&quot;:&quot;6a9a2bfe146e1&quot;}\" data-wp-interactive=\"core\/image\" data-wp-key=\"6a9a2bfe146e1\" class=\"wp-block-image size-large wp-lightbox-container\"><img loading=\"lazy\" decoding=\"async\" width=\"1024\" height=\"576\" data-wp-class--hide=\"state.isContentHidden\" data-wp-class--show=\"state.isContentVisible\" data-wp-init=\"callbacks.setButtonStyles\" data-wp-on--click=\"actions.showLightbox\" data-wp-on--load=\"callbacks.setButtonStyles\" data-wp-on--pointerdown=\"actions.preloadImage\" data-wp-on--pointerenter=\"actions.preloadImageWithDelay\" data-wp-on--pointerleave=\"actions.cancelPreload\" data-wp-on-window--resize=\"callbacks.setButtonStyles\" data-id=\"42280\" src=\"https:\/\/www.forum-soegel.de\/information\/wp-content\/uploads\/2026\/09\/Abschied-Klasse-4-2-1024x576.jpg\" alt=\"\" class=\"wp-image-42280\" srcset=\"https:\/\/www.forum-soegel.de\/information\/wp-content\/uploads\/2026\/09\/Abschied-Klasse-4-2-1024x576.jpg 1024w, https:\/\/www.forum-soegel.de\/information\/wp-content\/uploads\/2026\/09\/Abschied-Klasse-4-2-768x432.jpg 768w, https:\/\/www.forum-soegel.de\/information\/wp-content\/uploads\/2026\/09\/Abschied-Klasse-4-2-300x169.jpg 300w, https:\/\/www.forum-soegel.de\/information\/wp-content\/uploads\/2026\/09\/Abschied-Klasse-4-2.jpg 1200w\" sizes=\"auto, (max-width: 1024px) 100vw, 1024px\" \/><button\n\t\t\tclass=\"lightbox-trigger\"\n\t\t\ttype=\"button\"\n\t\t\taria-haspopup=\"dialog\"\n\t\t\tdata-wp-bind--aria-label=\"state.thisImage.triggerButtonAriaLabel\"\n\t\t\tdata-wp-init=\"callbacks.initTriggerButton\"\n\t\t\tdata-wp-on--click=\"actions.showLightbox\"\n\t\t\tdata-wp-style--right=\"state.thisImage.buttonRight\"\n\t\t\tdata-wp-style--top=\"state.thisImage.buttonTop\"\n\t\t>\n\t\t\t<svg xmlns=\"http:\/\/www.w3.org\/2000\/svg\" width=\"12\" height=\"12\" fill=\"none\" viewBox=\"0 0 12 12\">\n\t\t\t\t<path fill=\"#fff\" d=\"M2 0a2 2 0 0 0-2 2v2h1.5V2a.5.5 0 0 1 .5-.5h2V0H2Zm2 10.5H2a.5.5 0 0 1-.5-.5V8H0v2a2 2 0 0 0 2 2h2v-1.5ZM8 12v-1.5h2a.5.5 0 0 0 .5-.5V8H12v2a2 2 0 0 1-2 2H8Zm2-12a2 2 0 0 1 2 2v2h-1.5V2a.5.5 0 0 0-.5-.5H8V0h2Z\" \/>\n\t\t\t<\/svg>\n\t\t<\/button><\/figure>\n<\/figure>\n","protected":false},"excerpt":{"rendered":"Spahnharrenst\u00e4tte &#8211; Mit einem abwechslungsreichen und emotionalen Vormittag verabschiedete sich die Klasse 4 von ihrer Grundschulzeit. Den Auftakt bildete ein festlicher Abschlussgottesdienst, der von den Kindern der Klasse 4 selbst vorbereitet und gestaltet wurde. Mit viel Engagement, pers\u00f6nlichen Beitr\u00e4gen und sch\u00f6nen Gedanken blickten sie auf ihre gemeinsame Zeit an unserer Schule zur\u00fcck. Anschlie\u00dfend fand im [&hellip;]\n","protected":false},"author":2,"featured_media":0,"comment_status":"closed","ping_status":"closed","sticky":false,"template":"","format":"standard","meta":{"ngg_post_thumbnail":0,"footnotes":""},"categories":[6],"tags":[],"class_list":["post-42279","post","type-post","status-publish","format-standard","hentry","category-aus-der-schule-geplaudert"],"_links":{"self":[{"href":"https:\/\/www.forum-soegel.de\/information\/wp-json\/wp\/v2\/posts\/42279","targetHints":{"allow":["GET"]}}],"collection":[{"href":"https:\/\/www.forum-soegel.de\/information\/wp-json\/wp\/v2\/posts"}],"about":[{"href":"https:\/\/www.forum-soegel.de\/information\/wp-json\/wp\/v2\/types\/post"}],"author":[{"embeddable":true,"href":"https:\/\/www.forum-soegel.de\/information\/wp-json\/wp\/v2\/users\/2"}],"replies":[{"embeddable":true,"href":"https:\/\/www.forum-soegel.de\/information\/wp-json\/wp\/v2\/comments?post=42279"}],"version-history":[{"count":1,"href":"https:\/\/www.forum-soegel.de\/information\/wp-json\/wp\/v2\/posts\/42279\/revisions"}],"predecessor-version":[{"id":42281,"href":"https:\/\/www.forum-soegel.de\/information\/wp-json\/wp\/v2\/posts\/42279\/revisions\/42281"}],"wp:attachment":[{"href":"https:\/\/www.forum-soegel.de\/information\/wp-json\/wp\/v2\/media?parent=42279"}],"wp:term":[{"taxonomy":"category","embeddable":true,"href":"https:\/\/www.forum-soegel.de\/information\/wp-json\/wp\/v2\/categories?post=42279"},{"taxonomy":"post_tag","embeddable":true,"href":"https:\/\/www.forum-soegel.de\/information\/wp-json\/wp\/v2\/tags?post=42279"}],"curies":[{"name":"wp","href":"https:\/\/api.w.org\/{rel}","templated":true}]}}