{"id":42257,"date":"2026-08-01T17:59:52","date_gmt":"2026-08-01T15:59:52","guid":{"rendered":"https:\/\/www.forum-soegel.de\/information\/?p=42257"},"modified":"2026-09-03T18:01:36","modified_gmt":"2026-09-03T16:01:36","slug":"mit-akrebie-und-akkuschrauber","status":"publish","type":"post","link":"https:\/\/www.forum-soegel.de\/information\/2026\/08\/mit-akrebie-und-akkuschrauber\/","title":{"rendered":"Mit Akrebie und Akkuschrauber"},"content":{"rendered":"\n<p class=\"wp-block-paragraph\">S\u00f6gel &#8211; In der ersten Woche der Sommerferien trafen sich 25 Jungen und M\u00e4dchen im Alter von 7 &#8211; 12 Jahren auf dem Gutshof, J\u00e4gerhof S\u00f6gel, um im Rahmen der Ferienpassaktion Fledermausk\u00e4sten zu bauen. Die Kinder waren mit Akrebie und Akkubohrer dabei, schraubten, bemalten und signierten ihre K\u00e4sten. Das Erlebnis-Natur-Team mit Helena Gehrs, Nicole Lehmk\u00fchler und Ansgar Simme hatten im Auftrag des Hegering S\u00f6gel den Kindernachmittag organisiert. Sie wurden unterst\u00fctzt von erfahrenen J\u00e4gern und Naturfreunden wie Pat Hofwalter, Otto St\u00fcrmeyer, Christel Sabel, Gerd Henze und Max Kossenjans. Mit einem kleinen Vortrag von der Naturfachfrau Brigitte Hebler erfuhren die Kinder auf lockere, lustige Weise viel \u00fcber die Lebensweise der Flederm\u00e4use.<\/p>\n\n\n\n<p class=\"wp-block-paragraph\">Text\/Fotos: Ansgar Simme<\/p>\n\n\n\n<figure data-wp-context=\"{&quot;galleryId&quot;:&quot;6a9a3aaf9f618&quot;}\" data-wp-interactive=\"core\/gallery\" class=\"wp-block-gallery has-nested-images columns-default is-cropped wp-block-gallery-1 is-layout-flex wp-block-gallery-is-layout-flex\">\n<figure data-wp-context=\"{&quot;imageId&quot;:&quot;6a9a3aafa0d8d&quot;}\" data-wp-interactive=\"core\/image\" data-wp-key=\"6a9a3aafa0d8d\" class=\"wp-block-image size-large wp-lightbox-container\"><img loading=\"lazy\" decoding=\"async\" width=\"819\" height=\"1024\" data-wp-class--hide=\"state.isContentHidden\" data-wp-class--show=\"state.isContentVisible\" data-wp-init=\"callbacks.setButtonStyles\" data-wp-on--click=\"actions.showLightbox\" data-wp-on--load=\"callbacks.setButtonStyles\" data-wp-on--pointerdown=\"actions.preloadImage\" data-wp-on--pointerenter=\"actions.preloadImageWithDelay\" data-wp-on--pointerleave=\"actions.cancelPreload\" data-wp-on-window--resize=\"callbacks.setButtonStyles\" data-id=\"42258\" src=\"https:\/\/www.forum-soegel.de\/information\/wp-content\/uploads\/2026\/09\/Mit-Akrebie-und-Akkuschrauber-1-819x1024.jpg\" alt=\"\" class=\"wp-image-42258\" srcset=\"https:\/\/www.forum-soegel.de\/information\/wp-content\/uploads\/2026\/09\/Mit-Akrebie-und-Akkuschrauber-1-819x1024.jpg 819w, https:\/\/www.forum-soegel.de\/information\/wp-content\/uploads\/2026\/09\/Mit-Akrebie-und-Akkuschrauber-1-240x300.jpg 240w, https:\/\/www.forum-soegel.de\/information\/wp-content\/uploads\/2026\/09\/Mit-Akrebie-und-Akkuschrauber-1-768x960.jpg 768w, https:\/\/www.forum-soegel.de\/information\/wp-content\/uploads\/2026\/09\/Mit-Akrebie-und-Akkuschrauber-1.jpg 1080w\" sizes=\"auto, (max-width: 819px) 100vw, 819px\" \/><button\n\t\t\tclass=\"lightbox-trigger\"\n\t\t\ttype=\"button\"\n\t\t\taria-haspopup=\"dialog\"\n\t\t\tdata-wp-bind--aria-label=\"state.thisImage.triggerButtonAriaLabel\"\n\t\t\tdata-wp-init=\"callbacks.initTriggerButton\"\n\t\t\tdata-wp-on--click=\"actions.showLightbox\"\n\t\t\tdata-wp-style--right=\"state.thisImage.buttonRight\"\n\t\t\tdata-wp-style--top=\"state.thisImage.buttonTop\"\n\t\t>\n\t\t\t<svg xmlns=\"http:\/\/www.w3.org\/2000\/svg\" width=\"12\" height=\"12\" fill=\"none\" viewBox=\"0 0 12 12\">\n\t\t\t\t<path fill=\"#fff\" d=\"M2 0a2 2 0 0 0-2 2v2h1.5V2a.5.5 0 0 1 .5-.5h2V0H2Zm2 10.5H2a.5.5 0 0 1-.5-.5V8H0v2a2 2 0 0 0 2 2h2v-1.5ZM8 12v-1.5h2a.5.5 0 0 0 .5-.5V8H12v2a2 2 0 0 1-2 2H8Zm2-12a2 2 0 0 1 2 2v2h-1.5V2a.5.5 0 0 0-.5-.5H8V0h2Z\" \/>\n\t\t\t<\/svg>\n\t\t<\/button><\/figure>\n\n\n\n<figure data-wp-context=\"{&quot;imageId&quot;:&quot;6a9a3aafa1b49&quot;}\" data-wp-interactive=\"core\/image\" data-wp-key=\"6a9a3aafa1b49\" class=\"wp-block-image size-large wp-lightbox-container\"><img loading=\"lazy\" decoding=\"async\" width=\"1024\" height=\"768\" data-wp-class--hide=\"state.isContentHidden\" data-wp-class--show=\"state.isContentVisible\" data-wp-init=\"callbacks.setButtonStyles\" data-wp-on--click=\"actions.showLightbox\" data-wp-on--load=\"callbacks.setButtonStyles\" data-wp-on--pointerdown=\"actions.preloadImage\" data-wp-on--pointerenter=\"actions.preloadImageWithDelay\" data-wp-on--pointerleave=\"actions.cancelPreload\" data-wp-on-window--resize=\"callbacks.setButtonStyles\" data-id=\"42259\" src=\"https:\/\/www.forum-soegel.de\/information\/wp-content\/uploads\/2026\/09\/Mit-Akrebie-und-Akkuschrauber-5-1024x768.jpg\" alt=\"\" class=\"wp-image-42259\" srcset=\"https:\/\/www.forum-soegel.de\/information\/wp-content\/uploads\/2026\/09\/Mit-Akrebie-und-Akkuschrauber-5-1024x768.jpg 1024w, https:\/\/www.forum-soegel.de\/information\/wp-content\/uploads\/2026\/09\/Mit-Akrebie-und-Akkuschrauber-5-300x225.jpg 300w, https:\/\/www.forum-soegel.de\/information\/wp-content\/uploads\/2026\/09\/Mit-Akrebie-und-Akkuschrauber-5-768x576.jpg 768w, https:\/\/www.forum-soegel.de\/information\/wp-content\/uploads\/2026\/09\/Mit-Akrebie-und-Akkuschrauber-5-1536x1152.jpg 1536w, https:\/\/www.forum-soegel.de\/information\/wp-content\/uploads\/2026\/09\/Mit-Akrebie-und-Akkuschrauber-5-2048x1536.jpg 2048w\" sizes=\"auto, (max-width: 1024px) 100vw, 1024px\" \/><button\n\t\t\tclass=\"lightbox-trigger\"\n\t\t\ttype=\"button\"\n\t\t\taria-haspopup=\"dialog\"\n\t\t\tdata-wp-bind--aria-label=\"state.thisImage.triggerButtonAriaLabel\"\n\t\t\tdata-wp-init=\"callbacks.initTriggerButton\"\n\t\t\tdata-wp-on--click=\"actions.showLightbox\"\n\t\t\tdata-wp-style--right=\"state.thisImage.buttonRight\"\n\t\t\tdata-wp-style--top=\"state.thisImage.buttonTop\"\n\t\t>\n\t\t\t<svg xmlns=\"http:\/\/www.w3.org\/2000\/svg\" width=\"12\" height=\"12\" fill=\"none\" viewBox=\"0 0 12 12\">\n\t\t\t\t<path fill=\"#fff\" d=\"M2 0a2 2 0 0 0-2 2v2h1.5V2a.5.5 0 0 1 .5-.5h2V0H2Zm2 10.5H2a.5.5 0 0 1-.5-.5V8H0v2a2 2 0 0 0 2 2h2v-1.5ZM8 12v-1.5h2a.5.5 0 0 0 .5-.5V8H12v2a2 2 0 0 1-2 2H8Zm2-12a2 2 0 0 1 2 2v2h-1.5V2a.5.5 0 0 0-.5-.5H8V0h2Z\" \/>\n\t\t\t<\/svg>\n\t\t<\/button><\/figure>\n<\/figure>\n","protected":false},"excerpt":{"rendered":"S\u00f6gel &#8211; In der ersten Woche der Sommerferien trafen sich 25 Jungen und M\u00e4dchen im Alter von 7 &#8211; 12 Jahren auf dem Gutshof, J\u00e4gerhof S\u00f6gel, um im Rahmen der Ferienpassaktion Fledermausk\u00e4sten zu bauen. Die Kinder waren mit Akrebie und Akkubohrer dabei, schraubten, bemalten und signierten ihre K\u00e4sten. Das Erlebnis-Natur-Team mit Helena Gehrs, Nicole Lehmk\u00fchler [&hellip;]\n","protected":false},"author":2,"featured_media":0,"comment_status":"closed","ping_status":"closed","sticky":false,"template":"","format":"standard","meta":{"ngg_post_thumbnail":0,"footnotes":""},"categories":[5],"tags":[],"class_list":["post-42257","post","type-post","status-publish","format-standard","hentry","category-was-machen-die-vereine"],"_links":{"self":[{"href":"https:\/\/www.forum-soegel.de\/information\/wp-json\/wp\/v2\/posts\/42257","targetHints":{"allow":["GET"]}}],"collection":[{"href":"https:\/\/www.forum-soegel.de\/information\/wp-json\/wp\/v2\/posts"}],"about":[{"href":"https:\/\/www.forum-soegel.de\/information\/wp-json\/wp\/v2\/types\/post"}],"author":[{"embeddable":true,"href":"https:\/\/www.forum-soegel.de\/information\/wp-json\/wp\/v2\/users\/2"}],"replies":[{"embeddable":true,"href":"https:\/\/www.forum-soegel.de\/information\/wp-json\/wp\/v2\/comments?post=42257"}],"version-history":[{"count":1,"href":"https:\/\/www.forum-soegel.de\/information\/wp-json\/wp\/v2\/posts\/42257\/revisions"}],"predecessor-version":[{"id":42260,"href":"https:\/\/www.forum-soegel.de\/information\/wp-json\/wp\/v2\/posts\/42257\/revisions\/42260"}],"wp:attachment":[{"href":"https:\/\/www.forum-soegel.de\/information\/wp-json\/wp\/v2\/media?parent=42257"}],"wp:term":[{"taxonomy":"category","embeddable":true,"href":"https:\/\/www.forum-soegel.de\/information\/wp-json\/wp\/v2\/categories?post=42257"},{"taxonomy":"post_tag","embeddable":true,"href":"https:\/\/www.forum-soegel.de\/information\/wp-json\/wp\/v2\/tags?post=42257"}],"curies":[{"name":"wp","href":"https:\/\/api.w.org\/{rel}","templated":true}]}}