{"id":42254,"date":"2026-08-01T17:58:05","date_gmt":"2026-08-01T15:58:05","guid":{"rendered":"https:\/\/www.forum-soegel.de\/information\/?p=42254"},"modified":"2026-09-03T17:59:33","modified_gmt":"2026-09-03T15:59:33","slug":"kleine-radtour-des-heimatvereins-soegel","status":"publish","type":"post","link":"https:\/\/www.forum-soegel.de\/information\/2026\/08\/kleine-radtour-des-heimatvereins-soegel\/","title":{"rendered":"Kleine Radtour des Heimatvereins S\u00f6gel"},"content":{"rendered":"\n<p class=\"wp-block-paragraph\">S\u00f6gel &#8211; Mit der sog. \u201eKleinen Radtour\u201c er\u00f6ffnete der Heimatverein S\u00f6gel am 9. Mai die diesj\u00e4hrige Radsaison. Bei sehr guter Beteiligung und idealen Wetterbedingungen ging es durch Felder und Wiesen nach Neub\u00f6rger.<\/p>\n\n\n\n<p class=\"wp-block-paragraph\">Auf dem historischen Dorfplatz angekommen, wurden die Radfahrerinnen und Radfahrer vom dortigen Heimatverein recht herzlich empfangen und zun\u00e4chst mit Kaffee und Kuchen verw\u00f6hnt. Sehr interessant war die anschlie\u00dfende F\u00fchrung durch die einzelnen H\u00e4user des Dorfplatzes und die \u00fcberaus sehenswerten Ausstellungen. Auch ein Besuch im \u201eS\u00fcdseemuseum\u201c durfte nicht fehlen.<\/p>\n\n\n\n<p class=\"wp-block-paragraph\">Mit vielen sch\u00f6nen Eindr\u00fccken von dieser sehr gepflegten und interessanten Anlage trat die Gruppe dann die R\u00fcckfahrt nach S\u00f6gel an. Am Ortsrand von Neub\u00f6rger wurde dann noch ein Blick in den Skulpturenpark geworfen. Auf dem Heimathof in S\u00f6gel angekommen konnten sich die Teilnehmerinnen und Teilnehmer dann noch mit Grillw\u00fcrstchen und Kaltgetr\u00e4nken st\u00e4rken und von der Tour erholen.<\/p>\n\n\n\n<p class=\"wp-block-paragraph\">Text\/Foto: Georg Sewerin<\/p>\n\n\n\n<figure data-wp-context=\"{&quot;imageId&quot;:&quot;6a9a3aad87e1e&quot;}\" data-wp-interactive=\"core\/image\" data-wp-key=\"6a9a3aad87e1e\" class=\"wp-block-image size-large wp-lightbox-container\"><img loading=\"lazy\" decoding=\"async\" width=\"1024\" height=\"768\" data-wp-class--hide=\"state.isContentHidden\" data-wp-class--show=\"state.isContentVisible\" data-wp-init=\"callbacks.setButtonStyles\" data-wp-on--click=\"actions.showLightbox\" data-wp-on--load=\"callbacks.setButtonStyles\" data-wp-on--pointerdown=\"actions.preloadImage\" data-wp-on--pointerenter=\"actions.preloadImageWithDelay\" data-wp-on--pointerleave=\"actions.cancelPreload\" data-wp-on-window--resize=\"callbacks.setButtonStyles\" src=\"https:\/\/www.forum-soegel.de\/information\/wp-content\/uploads\/2026\/09\/Kleine-Radtour-des-Heimatvereins-So\u2560egel-1024x768.jpeg\" alt=\"\" class=\"wp-image-42255\" srcset=\"https:\/\/www.forum-soegel.de\/information\/wp-content\/uploads\/2026\/09\/Kleine-Radtour-des-Heimatvereins-So\u2560egel-1024x768.jpeg 1024w, https:\/\/www.forum-soegel.de\/information\/wp-content\/uploads\/2026\/09\/Kleine-Radtour-des-Heimatvereins-So\u2560egel-300x225.jpeg 300w, https:\/\/www.forum-soegel.de\/information\/wp-content\/uploads\/2026\/09\/Kleine-Radtour-des-Heimatvereins-So\u2560egel-768x576.jpeg 768w, https:\/\/www.forum-soegel.de\/information\/wp-content\/uploads\/2026\/09\/Kleine-Radtour-des-Heimatvereins-So\u2560egel-1536x1152.jpeg 1536w, https:\/\/www.forum-soegel.de\/information\/wp-content\/uploads\/2026\/09\/Kleine-Radtour-des-Heimatvereins-So\u2560egel-2048x1536.jpeg 2048w\" sizes=\"auto, (max-width: 1024px) 100vw, 1024px\" \/><button\n\t\t\tclass=\"lightbox-trigger\"\n\t\t\ttype=\"button\"\n\t\t\taria-haspopup=\"dialog\"\n\t\t\tdata-wp-bind--aria-label=\"state.thisImage.triggerButtonAriaLabel\"\n\t\t\tdata-wp-init=\"callbacks.initTriggerButton\"\n\t\t\tdata-wp-on--click=\"actions.showLightbox\"\n\t\t\tdata-wp-style--right=\"state.thisImage.buttonRight\"\n\t\t\tdata-wp-style--top=\"state.thisImage.buttonTop\"\n\t\t>\n\t\t\t<svg xmlns=\"http:\/\/www.w3.org\/2000\/svg\" width=\"12\" height=\"12\" fill=\"none\" viewBox=\"0 0 12 12\">\n\t\t\t\t<path fill=\"#fff\" d=\"M2 0a2 2 0 0 0-2 2v2h1.5V2a.5.5 0 0 1 .5-.5h2V0H2Zm2 10.5H2a.5.5 0 0 1-.5-.5V8H0v2a2 2 0 0 0 2 2h2v-1.5ZM8 12v-1.5h2a.5.5 0 0 0 .5-.5V8H12v2a2 2 0 0 1-2 2H8Zm2-12a2 2 0 0 1 2 2v2h-1.5V2a.5.5 0 0 0-.5-.5H8V0h2Z\" \/>\n\t\t\t<\/svg>\n\t\t<\/button><\/figure>\n","protected":false},"excerpt":{"rendered":"S\u00f6gel &#8211; Mit der sog. \u201eKleinen Radtour\u201c er\u00f6ffnete der Heimatverein S\u00f6gel am 9. Mai die diesj\u00e4hrige Radsaison. Bei sehr guter Beteiligung und idealen Wetterbedingungen ging es durch Felder und Wiesen nach Neub\u00f6rger. Auf dem historischen Dorfplatz angekommen, wurden die Radfahrerinnen und Radfahrer vom dortigen Heimatverein recht herzlich empfangen und zun\u00e4chst mit Kaffee und Kuchen verw\u00f6hnt. [&hellip;]\n","protected":false},"author":2,"featured_media":0,"comment_status":"closed","ping_status":"closed","sticky":false,"template":"","format":"standard","meta":{"ngg_post_thumbnail":0,"footnotes":""},"categories":[5],"tags":[],"class_list":["post-42254","post","type-post","status-publish","format-standard","hentry","category-was-machen-die-vereine"],"_links":{"self":[{"href":"https:\/\/www.forum-soegel.de\/information\/wp-json\/wp\/v2\/posts\/42254","targetHints":{"allow":["GET"]}}],"collection":[{"href":"https:\/\/www.forum-soegel.de\/information\/wp-json\/wp\/v2\/posts"}],"about":[{"href":"https:\/\/www.forum-soegel.de\/information\/wp-json\/wp\/v2\/types\/post"}],"author":[{"embeddable":true,"href":"https:\/\/www.forum-soegel.de\/information\/wp-json\/wp\/v2\/users\/2"}],"replies":[{"embeddable":true,"href":"https:\/\/www.forum-soegel.de\/information\/wp-json\/wp\/v2\/comments?post=42254"}],"version-history":[{"count":1,"href":"https:\/\/www.forum-soegel.de\/information\/wp-json\/wp\/v2\/posts\/42254\/revisions"}],"predecessor-version":[{"id":42256,"href":"https:\/\/www.forum-soegel.de\/information\/wp-json\/wp\/v2\/posts\/42254\/revisions\/42256"}],"wp:attachment":[{"href":"https:\/\/www.forum-soegel.de\/information\/wp-json\/wp\/v2\/media?parent=42254"}],"wp:term":[{"taxonomy":"category","embeddable":true,"href":"https:\/\/www.forum-soegel.de\/information\/wp-json\/wp\/v2\/categories?post=42254"},{"taxonomy":"post_tag","embeddable":true,"href":"https:\/\/www.forum-soegel.de\/information\/wp-json\/wp\/v2\/tags?post=42254"}],"curies":[{"name":"wp","href":"https:\/\/api.w.org\/{rel}","templated":true}]}}