{"id":42251,"date":"2026-08-01T17:56:40","date_gmt":"2026-08-01T15:56:40","guid":{"rendered":"https:\/\/www.forum-soegel.de\/information\/?p=42251"},"modified":"2026-09-03T17:57:50","modified_gmt":"2026-09-03T15:57:50","slug":"helmut-moeller-neuer-schuetzenkoenig-in-stavern","status":"publish","type":"post","link":"https:\/\/www.forum-soegel.de\/information\/2026\/08\/helmut-moeller-neuer-schuetzenkoenig-in-stavern\/","title":{"rendered":"Helmut M\u00f6ller neuer Sch\u00fctzenk\u00f6nig in Stavern"},"content":{"rendered":"\n<p class=\"wp-block-paragraph\">Mit einer maximalen Punktzahl von 20 wurde in diesem Jahr Helmut M\u00f6ller souver\u00e4n Sch\u00fctzenk\u00f6nig in der H\u00fcmmlinggemeinde Stavern. Zu K\u00f6nigin erkor er seine Ehefrau Maria. Dem Throngefolge geh\u00f6ren Renate und Hermann-Josef Wilkens, Anita und Friedhelm Hilm, Waltraud und Guido Wessels, Eva-Maria Winkler und Jens Sandker, sowie Anette und Lars G\u00fcnnemann an.<\/p>\n\n\n\n<p class=\"wp-block-paragraph\">Text\/Foto: Gerd Rode<\/p>\n\n\n\n<figure data-wp-context=\"{&quot;imageId&quot;:&quot;6a9a39f681792&quot;}\" data-wp-interactive=\"core\/image\" data-wp-key=\"6a9a39f681792\" class=\"wp-block-image size-large wp-lightbox-container\"><img loading=\"lazy\" decoding=\"async\" width=\"1024\" height=\"682\" data-wp-class--hide=\"state.isContentHidden\" data-wp-class--show=\"state.isContentVisible\" data-wp-init=\"callbacks.setButtonStyles\" data-wp-on--click=\"actions.showLightbox\" data-wp-on--load=\"callbacks.setButtonStyles\" data-wp-on--pointerdown=\"actions.preloadImage\" data-wp-on--pointerenter=\"actions.preloadImageWithDelay\" data-wp-on--pointerleave=\"actions.cancelPreload\" data-wp-on-window--resize=\"callbacks.setButtonStyles\" src=\"https:\/\/www.forum-soegel.de\/information\/wp-content\/uploads\/2026\/09\/Schutzenthron-Stavern-1024x682.jpg\" alt=\"\" class=\"wp-image-42252\" srcset=\"https:\/\/www.forum-soegel.de\/information\/wp-content\/uploads\/2026\/09\/Schutzenthron-Stavern-1024x682.jpg 1024w, https:\/\/www.forum-soegel.de\/information\/wp-content\/uploads\/2026\/09\/Schutzenthron-Stavern-300x200.jpg 300w, https:\/\/www.forum-soegel.de\/information\/wp-content\/uploads\/2026\/09\/Schutzenthron-Stavern-767x511.jpg 767w, https:\/\/www.forum-soegel.de\/information\/wp-content\/uploads\/2026\/09\/Schutzenthron-Stavern-1536x1023.jpg 1536w, https:\/\/www.forum-soegel.de\/information\/wp-content\/uploads\/2026\/09\/Schutzenthron-Stavern.jpg 1600w\" sizes=\"auto, (max-width: 1024px) 100vw, 1024px\" \/><button\n\t\t\tclass=\"lightbox-trigger\"\n\t\t\ttype=\"button\"\n\t\t\taria-haspopup=\"dialog\"\n\t\t\tdata-wp-bind--aria-label=\"state.thisImage.triggerButtonAriaLabel\"\n\t\t\tdata-wp-init=\"callbacks.initTriggerButton\"\n\t\t\tdata-wp-on--click=\"actions.showLightbox\"\n\t\t\tdata-wp-style--right=\"state.thisImage.buttonRight\"\n\t\t\tdata-wp-style--top=\"state.thisImage.buttonTop\"\n\t\t>\n\t\t\t<svg xmlns=\"http:\/\/www.w3.org\/2000\/svg\" width=\"12\" height=\"12\" fill=\"none\" viewBox=\"0 0 12 12\">\n\t\t\t\t<path fill=\"#fff\" d=\"M2 0a2 2 0 0 0-2 2v2h1.5V2a.5.5 0 0 1 .5-.5h2V0H2Zm2 10.5H2a.5.5 0 0 1-.5-.5V8H0v2a2 2 0 0 0 2 2h2v-1.5ZM8 12v-1.5h2a.5.5 0 0 0 .5-.5V8H12v2a2 2 0 0 1-2 2H8Zm2-12a2 2 0 0 1 2 2v2h-1.5V2a.5.5 0 0 0-.5-.5H8V0h2Z\" \/>\n\t\t\t<\/svg>\n\t\t<\/button><\/figure>\n\n\n\n<p class=\"wp-block-paragraph\">Foto v.l.:Jens Sandker und Eva-Maria Winkler, Hermann-Josef und Renate Wilkens, K\u00f6nigin Maria und<\/p>\n\n\n\n<p class=\"wp-block-paragraph\">K\u00f6nig Helmut M\u00f6ller, Anita und Friedhelm Hilm, Waltraud und Guido Wessels<\/p>\n","protected":false},"excerpt":{"rendered":"Mit einer maximalen Punktzahl von 20 wurde in diesem Jahr Helmut M\u00f6ller souver\u00e4n Sch\u00fctzenk\u00f6nig in der H\u00fcmmlinggemeinde Stavern. Zu K\u00f6nigin erkor er seine Ehefrau Maria. Dem Throngefolge geh\u00f6ren Renate und Hermann-Josef Wilkens, Anita und Friedhelm Hilm, Waltraud und Guido Wessels, Eva-Maria Winkler und Jens Sandker, sowie Anette und Lars G\u00fcnnemann an. Text\/Foto: Gerd Rode Foto [&hellip;]\n","protected":false},"author":2,"featured_media":0,"comment_status":"closed","ping_status":"closed","sticky":false,"template":"","format":"standard","meta":{"ngg_post_thumbnail":0,"footnotes":""},"categories":[5],"tags":[],"class_list":["post-42251","post","type-post","status-publish","format-standard","hentry","category-was-machen-die-vereine"],"_links":{"self":[{"href":"https:\/\/www.forum-soegel.de\/information\/wp-json\/wp\/v2\/posts\/42251","targetHints":{"allow":["GET"]}}],"collection":[{"href":"https:\/\/www.forum-soegel.de\/information\/wp-json\/wp\/v2\/posts"}],"about":[{"href":"https:\/\/www.forum-soegel.de\/information\/wp-json\/wp\/v2\/types\/post"}],"author":[{"embeddable":true,"href":"https:\/\/www.forum-soegel.de\/information\/wp-json\/wp\/v2\/users\/2"}],"replies":[{"embeddable":true,"href":"https:\/\/www.forum-soegel.de\/information\/wp-json\/wp\/v2\/comments?post=42251"}],"version-history":[{"count":1,"href":"https:\/\/www.forum-soegel.de\/information\/wp-json\/wp\/v2\/posts\/42251\/revisions"}],"predecessor-version":[{"id":42253,"href":"https:\/\/www.forum-soegel.de\/information\/wp-json\/wp\/v2\/posts\/42251\/revisions\/42253"}],"wp:attachment":[{"href":"https:\/\/www.forum-soegel.de\/information\/wp-json\/wp\/v2\/media?parent=42251"}],"wp:term":[{"taxonomy":"category","embeddable":true,"href":"https:\/\/www.forum-soegel.de\/information\/wp-json\/wp\/v2\/categories?post=42251"},{"taxonomy":"post_tag","embeddable":true,"href":"https:\/\/www.forum-soegel.de\/information\/wp-json\/wp\/v2\/tags?post=42251"}],"curies":[{"name":"wp","href":"https:\/\/api.w.org\/{rel}","templated":true}]}}